{"id":28286,"date":"2024-07-11T15:30:44","date_gmt":"2024-07-11T14:30:44","guid":{"rendered":"https:\/\/www.keepingchildrensafe.global\/blog\/2024\/07\/11\/empoderando-refugiados-y-refugiadas-refugee-voice-and-action-se-une-a-la-red-global-kcs\/"},"modified":"2024-07-11T15:33:50","modified_gmt":"2024-07-11T14:33:50","slug":"empoderando-refugiados-y-refugiadas-refugee-voice-and-action-se-une-a-la-red-global-kcs","status":"publish","type":"post","link":"https:\/\/www.keepingchildrensafe.global\/es\/blog\/2024\/07\/11\/empoderando-refugiados-y-refugiadas-refugee-voice-and-action-se-une-a-la-red-global-kcs\/","title":{"rendered":"Empoderando refugiados y refugiadas: Refugee Voice and Action se une a la red global KCS"},"content":{"rendered":"\n<p>Damos una calurosa bienvenida a Refugee Voice and Action (RVA), que se une a nuestra red global Keeping Children Safe. Esta organizaci\u00f3n fue fundada en 2012 por Mulangaliro Rwagaza, un joven congole\u00f1o refugiado en el campo de refugiados de Kakuma (Kenia), para ayudar a los refugiados a comprender y hacer realidad sus derechos. <\/p>\n\n<p>Sus programas incluyen trabajo en protecci\u00f3n infantil a trav\u00e9s de sesiones de Crianza sin Violencia, desarrollo econ\u00f3mico, educaci\u00f3n, sanidad, deportes y comprensi\u00f3n cultural, entre otros, y su objetivo es ayudar a construir relaciones s\u00f3lidas entre los refugiados, el gobierno y los proveedores de servicios para mejorar la calidad y accesibilidad de los servicios esenciales en este campo de refugiados, lo que a su vez repercute en la vida diaria de los ni\u00f1os, ni\u00f1as y adolescentes y sus familias. <\/p>\n\n<p>Su deseo de unirse a la red KCS surge de su necesidad de aprender m\u00e1s sobre medidas de protecci\u00f3n infantil organizacional, as\u00ed como de beneficiarse de formaci\u00f3n, recursos y oportunidades para hacer visible su trabajo a la red global y ayudar a las infancias a identificar la violencia en casa, en la escuela y en otros \u00e1mbitos de sus vidas. <\/p>\n\n<p>La RVA apunta as\u00ed a un futuro en el que pueda garantizar entornos seguros para que los ni\u00f1os, ni\u00f1as y adolescentes crezcan y prosperen, al tiempo que comprende la importancia de la orientaci\u00f3n y la cooperaci\u00f3n de los adultos en esta visi\u00f3n. <\/p>\n\n<p>Trabajemos juntos para apoyar a los ni\u00f1os, ni\u00f1as y adolescentes refugiados y defender sus derechos. <\/p>\n","protected":false},"excerpt":{"rendered":"<p>Damos una calurosa bienvenida a Refugee Voice and Action (RVA), que se une a nuestra red global Keeping Children Safe. Esta organizaci\u00f3n fue fundada en 2012 por Mulangaliro Rwagaza, un joven congole\u00f1o refugiado en el campo de refugiados de Kakuma (Kenia), para ayudar a los refugiados a comprender y hacer realidad sus derechos. Sus programas [&hellip;]<\/p>\n","protected":false},"author":3,"featured_media":28284,"comment_status":"closed","ping_status":"closed","sticky":false,"template":"","format":"standard","meta":{"_acf_changed":false,"_eb_attr":"","site-sidebar-layout":"default","site-content-layout":"","ast-site-content-layout":"default","site-content-style":"default","site-sidebar-style":"default","ast-global-header-display":"","ast-banner-title-visibility":"","ast-main-header-display":"","ast-hfb-above-header-display":"","ast-hfb-below-header-display":"","ast-hfb-mobile-header-display":"","site-post-title":"","ast-breadcrumbs-content":"","ast-featured-img":"","footer-sml-layout":"","ast-disable-related-posts":"","theme-transparent-header-meta":"","adv-header-id-meta":"","stick-header-meta":"","header-above-stick-meta":"","header-main-stick-meta":"","header-below-stick-meta":"","astra-migrate-meta-layouts":"default","ast-page-background-enabled":"default","ast-page-background-meta":{"desktop":{"background-color":"var(--ast-global-color-4)","background-image":"","background-repeat":"repeat","background-position":"center center","background-size":"auto","background-attachment":"scroll","background-type":"","background-media":"","overlay-type":"","overlay-color":"","overlay-opacity":"","overlay-gradient":""},"tablet":{"background-color":"","background-image":"","background-repeat":"repeat","background-position":"center center","background-size":"auto","background-attachment":"scroll","background-type":"","background-media":"","overlay-type":"","overlay-color":"","overlay-opacity":"","overlay-gradient":""},"mobile":{"background-color":"","background-image":"","background-repeat":"repeat","background-position":"center center","background-size":"auto","background-attachment":"scroll","background-type":"","background-media":"","overlay-type":"","overlay-color":"","overlay-opacity":"","overlay-gradient":""}},"ast-content-background-meta":{"desktop":{"background-color":"var(--ast-global-color-5)","background-image":"","background-repeat":"repeat","background-position":"center center","background-size":"auto","background-attachment":"scroll","background-type":"","background-media":"","overlay-type":"","overlay-color":"","overlay-opacity":"","overlay-gradient":""},"tablet":{"background-color":"var(--ast-global-color-5)","background-image":"","background-repeat":"repeat","background-position":"center center","background-size":"auto","background-attachment":"scroll","background-type":"","background-media":"","overlay-type":"","overlay-color":"","overlay-opacity":"","overlay-gradient":""},"mobile":{"background-color":"var(--ast-global-color-5)","background-image":"","background-repeat":"repeat","background-position":"center center","background-size":"auto","background-attachment":"scroll","background-type":"","background-media":"","overlay-type":"","overlay-color":"","overlay-opacity":"","overlay-gradient":""}},"footnotes":""},"categories":[284],"tags":[],"class_list":["post-28286","post","type-post","status-publish","format-standard","has-post-thumbnail","hentry","category-miembros-de-kcs-es"],"acf":[],"yoast_head":"<!-- This site is optimized with the Yoast SEO plugin v27.4 - https:\/\/yoast.com\/product\/yoast-seo-wordpress\/ -->\n<title>Le damos la bienvenida a Refugee Voice and Action a la red de KCS<\/title>\n<meta name=\"description\" content=\"Damos una calurosa bienvenida a Refugee Voice and Action (RVA), que se une a nuestra red global Keeping Children Safe.\" \/>\n<meta name=\"robots\" content=\"index, follow, max-snippet:-1, max-image-preview:large, max-video-preview:-1\" \/>\n<link rel=\"canonical\" href=\"https:\/\/www.keepingchildrensafe.global\/es\/blog\/2024\/07\/11\/empoderando-refugiados-y-refugiadas-refugee-voice-and-action-se-une-a-la-red-global-kcs\/\" \/>\n<meta property=\"og:locale\" content=\"es_ES\" \/>\n<meta property=\"og:type\" content=\"article\" \/>\n<meta property=\"og:title\" content=\"Le damos la bienvenida a Refugee Voice and Action a la red de KCS\" \/>\n<meta property=\"og:description\" content=\"Damos una calurosa bienvenida a Refugee Voice and Action (RVA), que se une a nuestra red global Keeping Children Safe.\" \/>\n<meta property=\"og:url\" content=\"https:\/\/www.keepingchildrensafe.global\/es\/blog\/2024\/07\/11\/empoderando-refugiados-y-refugiadas-refugee-voice-and-action-se-une-a-la-red-global-kcs\/\" \/>\n<meta property=\"og:site_name\" content=\"Keeping Children Safe\" \/>\n<meta property=\"article:publisher\" content=\"https:\/\/www.facebook.com\/KCSkeepingchildrensafe\" \/>\n<meta property=\"article:published_time\" content=\"2024-07-11T14:30:44+00:00\" \/>\n<meta property=\"article:modified_time\" content=\"2024-07-11T14:33:50+00:00\" \/>\n<meta property=\"og:image\" content=\"https:\/\/www.keepingchildrensafe.global\/wp-content\/uploads\/2024\/07\/pexels-ahmed-akacha-3313934-7386009-scaled.jpg\" \/>\n\t<meta property=\"og:image:width\" content=\"2800\" \/>\n\t<meta property=\"og:image:height\" content=\"1867\" \/>\n\t<meta property=\"og:image:type\" content=\"image\/jpeg\" \/>\n<meta name=\"author\" content=\"Luisa Fontanazza\" \/>\n<meta name=\"twitter:card\" content=\"summary_large_image\" \/>\n<meta name=\"twitter:creator\" content=\"@keepchildsafe\" \/>\n<meta name=\"twitter:site\" content=\"@keepchildsafe\" \/>\n<meta name=\"twitter:label1\" content=\"Escrito por\" \/>\n\t<meta name=\"twitter:data1\" content=\"Luisa Fontanazza\" \/>\n\t<meta name=\"twitter:label2\" content=\"Tiempo de lectura\" \/>\n\t<meta name=\"twitter:data2\" content=\"1 minuto\" \/>\n<script type=\"application\/ld+json\" class=\"yoast-schema-graph\">{\"@context\":\"https:\\\/\\\/schema.org\",\"@graph\":[{\"@type\":\"Article\",\"@id\":\"https:\\\/\\\/www.keepingchildrensafe.global\\\/es\\\/blog\\\/2024\\\/07\\\/11\\\/empoderando-refugiados-y-refugiadas-refugee-voice-and-action-se-une-a-la-red-global-kcs\\\/#article\",\"isPartOf\":{\"@id\":\"https:\\\/\\\/www.keepingchildrensafe.global\\\/es\\\/blog\\\/2024\\\/07\\\/11\\\/empoderando-refugiados-y-refugiadas-refugee-voice-and-action-se-une-a-la-red-global-kcs\\\/\"},\"author\":{\"name\":\"Luisa Fontanazza\",\"@id\":\"https:\\\/\\\/www.keepingchildrensafe.global\\\/es\\\/#\\\/schema\\\/person\\\/f88cbf9faf8bf619dbcb4c048bd234fe\"},\"headline\":\"Empoderando refugiados y refugiadas: Refugee Voice and Action se une a la red global KCS\",\"datePublished\":\"2024-07-11T14:30:44+00:00\",\"dateModified\":\"2024-07-11T14:33:50+00:00\",\"mainEntityOfPage\":{\"@id\":\"https:\\\/\\\/www.keepingchildrensafe.global\\\/es\\\/blog\\\/2024\\\/07\\\/11\\\/empoderando-refugiados-y-refugiadas-refugee-voice-and-action-se-une-a-la-red-global-kcs\\\/\"},\"wordCount\":282,\"publisher\":{\"@id\":\"https:\\\/\\\/www.keepingchildrensafe.global\\\/es\\\/#organization\"},\"image\":{\"@id\":\"https:\\\/\\\/www.keepingchildrensafe.global\\\/es\\\/blog\\\/2024\\\/07\\\/11\\\/empoderando-refugiados-y-refugiadas-refugee-voice-and-action-se-une-a-la-red-global-kcs\\\/#primaryimage\"},\"thumbnailUrl\":\"https:\\\/\\\/www.keepingchildrensafe.global\\\/wp-content\\\/uploads\\\/2024\\\/07\\\/pexels-ahmed-akacha-3313934-7386009-scaled.jpg\",\"articleSection\":[\"Miembros de KCS\"],\"inLanguage\":\"es\"},{\"@type\":\"WebPage\",\"@id\":\"https:\\\/\\\/www.keepingchildrensafe.global\\\/es\\\/blog\\\/2024\\\/07\\\/11\\\/empoderando-refugiados-y-refugiadas-refugee-voice-and-action-se-une-a-la-red-global-kcs\\\/\",\"url\":\"https:\\\/\\\/www.keepingchildrensafe.global\\\/es\\\/blog\\\/2024\\\/07\\\/11\\\/empoderando-refugiados-y-refugiadas-refugee-voice-and-action-se-une-a-la-red-global-kcs\\\/\",\"name\":\"Le damos la bienvenida a Refugee Voice and Action a la red de KCS\",\"isPartOf\":{\"@id\":\"https:\\\/\\\/www.keepingchildrensafe.global\\\/es\\\/#website\"},\"primaryImageOfPage\":{\"@id\":\"https:\\\/\\\/www.keepingchildrensafe.global\\\/es\\\/blog\\\/2024\\\/07\\\/11\\\/empoderando-refugiados-y-refugiadas-refugee-voice-and-action-se-une-a-la-red-global-kcs\\\/#primaryimage\"},\"image\":{\"@id\":\"https:\\\/\\\/www.keepingchildrensafe.global\\\/es\\\/blog\\\/2024\\\/07\\\/11\\\/empoderando-refugiados-y-refugiadas-refugee-voice-and-action-se-une-a-la-red-global-kcs\\\/#primaryimage\"},\"thumbnailUrl\":\"https:\\\/\\\/www.keepingchildrensafe.global\\\/wp-content\\\/uploads\\\/2024\\\/07\\\/pexels-ahmed-akacha-3313934-7386009-scaled.jpg\",\"datePublished\":\"2024-07-11T14:30:44+00:00\",\"dateModified\":\"2024-07-11T14:33:50+00:00\",\"description\":\"Damos una calurosa bienvenida a Refugee Voice and Action (RVA), que se une a nuestra red global Keeping Children Safe.\",\"breadcrumb\":{\"@id\":\"https:\\\/\\\/www.keepingchildrensafe.global\\\/es\\\/blog\\\/2024\\\/07\\\/11\\\/empoderando-refugiados-y-refugiadas-refugee-voice-and-action-se-une-a-la-red-global-kcs\\\/#breadcrumb\"},\"inLanguage\":\"es\",\"potentialAction\":[{\"@type\":\"ReadAction\",\"target\":[\"https:\\\/\\\/www.keepingchildrensafe.global\\\/es\\\/blog\\\/2024\\\/07\\\/11\\\/empoderando-refugiados-y-refugiadas-refugee-voice-and-action-se-une-a-la-red-global-kcs\\\/\"]}]},{\"@type\":\"ImageObject\",\"inLanguage\":\"es\",\"@id\":\"https:\\\/\\\/www.keepingchildrensafe.global\\\/es\\\/blog\\\/2024\\\/07\\\/11\\\/empoderando-refugiados-y-refugiadas-refugee-voice-and-action-se-une-a-la-red-global-kcs\\\/#primaryimage\",\"url\":\"https:\\\/\\\/www.keepingchildrensafe.global\\\/wp-content\\\/uploads\\\/2024\\\/07\\\/pexels-ahmed-akacha-3313934-7386009-scaled.jpg\",\"contentUrl\":\"https:\\\/\\\/www.keepingchildrensafe.global\\\/wp-content\\\/uploads\\\/2024\\\/07\\\/pexels-ahmed-akacha-3313934-7386009-scaled.jpg\",\"width\":2800,\"height\":1867,\"caption\":\"refugee voice and action\"},{\"@type\":\"BreadcrumbList\",\"@id\":\"https:\\\/\\\/www.keepingchildrensafe.global\\\/es\\\/blog\\\/2024\\\/07\\\/11\\\/empoderando-refugiados-y-refugiadas-refugee-voice-and-action-se-une-a-la-red-global-kcs\\\/#breadcrumb\",\"itemListElement\":[{\"@type\":\"ListItem\",\"position\":1,\"name\":\"Home\",\"item\":\"https:\\\/\\\/www.keepingchildrensafe.global\\\/es\\\/\"},{\"@type\":\"ListItem\",\"position\":2,\"name\":\"Empoderando refugiados y refugiadas: Refugee Voice and Action se une a la red global KCS\"}]},{\"@type\":\"WebSite\",\"@id\":\"https:\\\/\\\/www.keepingchildrensafe.global\\\/es\\\/#website\",\"url\":\"https:\\\/\\\/www.keepingchildrensafe.global\\\/es\\\/\",\"name\":\"Keeping Children Safe\",\"description\":\"Setting tough International Child Safeguarding Standards\",\"publisher\":{\"@id\":\"https:\\\/\\\/www.keepingchildrensafe.global\\\/es\\\/#organization\"},\"potentialAction\":[{\"@type\":\"SearchAction\",\"target\":{\"@type\":\"EntryPoint\",\"urlTemplate\":\"https:\\\/\\\/www.keepingchildrensafe.global\\\/es\\\/?s={search_term_string}\"},\"query-input\":{\"@type\":\"PropertyValueSpecification\",\"valueRequired\":true,\"valueName\":\"search_term_string\"}}],\"inLanguage\":\"es\"},{\"@type\":\"Organization\",\"@id\":\"https:\\\/\\\/www.keepingchildrensafe.global\\\/es\\\/#organization\",\"name\":\"Keeping Children Safe\",\"url\":\"https:\\\/\\\/www.keepingchildrensafe.global\\\/es\\\/\",\"logo\":{\"@type\":\"ImageObject\",\"inLanguage\":\"es\",\"@id\":\"https:\\\/\\\/www.keepingchildrensafe.global\\\/es\\\/#\\\/schema\\\/logo\\\/image\\\/\",\"url\":\"https:\\\/\\\/kcs.webscapegardener.site\\\/wp-content\\\/uploads\\\/2023\\\/10\\\/kcs-header-logo.png\",\"contentUrl\":\"https:\\\/\\\/kcs.webscapegardener.site\\\/wp-content\\\/uploads\\\/2023\\\/10\\\/kcs-header-logo.png\",\"width\":204,\"height\":21,\"caption\":\"Keeping Children Safe\"},\"image\":{\"@id\":\"https:\\\/\\\/www.keepingchildrensafe.global\\\/es\\\/#\\\/schema\\\/logo\\\/image\\\/\"},\"sameAs\":[\"https:\\\/\\\/www.facebook.com\\\/KCSkeepingchildrensafe\",\"https:\\\/\\\/x.com\\\/keepchildsafe\",\"https:\\\/\\\/www.instagram.com\\\/keepingchildrensafe\\\/\",\"https:\\\/\\\/www.linkedin.com\\\/company\\\/keeping-children-safe-coalition\\\/\",\"https:\\\/\\\/vimeo.com\\\/keepingchildrensafe\"]},{\"@type\":\"Person\",\"@id\":\"https:\\\/\\\/www.keepingchildrensafe.global\\\/es\\\/#\\\/schema\\\/person\\\/f88cbf9faf8bf619dbcb4c048bd234fe\",\"name\":\"Luisa Fontanazza\",\"image\":{\"@type\":\"ImageObject\",\"inLanguage\":\"es\",\"@id\":\"https:\\\/\\\/secure.gravatar.com\\\/avatar\\\/4eb670e404d0dadf8dd9427c50c645f073d83dac0cc77c58a83c1223e113fac8?s=96&d=blank&r=g\",\"url\":\"https:\\\/\\\/secure.gravatar.com\\\/avatar\\\/4eb670e404d0dadf8dd9427c50c645f073d83dac0cc77c58a83c1223e113fac8?s=96&d=blank&r=g\",\"contentUrl\":\"https:\\\/\\\/secure.gravatar.com\\\/avatar\\\/4eb670e404d0dadf8dd9427c50c645f073d83dac0cc77c58a83c1223e113fac8?s=96&d=blank&r=g\",\"caption\":\"Luisa Fontanazza\"}}]}<\/script>\n<!-- \/ Yoast SEO plugin. -->","yoast_head_json":{"title":"Le damos la bienvenida a Refugee Voice and Action a la red de KCS","description":"Damos una calurosa bienvenida a Refugee Voice and Action (RVA), que se une a nuestra red global Keeping Children Safe.","robots":{"index":"index","follow":"follow","max-snippet":"max-snippet:-1","max-image-preview":"max-image-preview:large","max-video-preview":"max-video-preview:-1"},"canonical":"https:\/\/www.keepingchildrensafe.global\/es\/blog\/2024\/07\/11\/empoderando-refugiados-y-refugiadas-refugee-voice-and-action-se-une-a-la-red-global-kcs\/","og_locale":"es_ES","og_type":"article","og_title":"Le damos la bienvenida a Refugee Voice and Action a la red de KCS","og_description":"Damos una calurosa bienvenida a Refugee Voice and Action (RVA), que se une a nuestra red global Keeping Children Safe.","og_url":"https:\/\/www.keepingchildrensafe.global\/es\/blog\/2024\/07\/11\/empoderando-refugiados-y-refugiadas-refugee-voice-and-action-se-une-a-la-red-global-kcs\/","og_site_name":"Keeping Children Safe","article_publisher":"https:\/\/www.facebook.com\/KCSkeepingchildrensafe","article_published_time":"2024-07-11T14:30:44+00:00","article_modified_time":"2024-07-11T14:33:50+00:00","og_image":[{"width":2800,"height":1867,"url":"https:\/\/www.keepingchildrensafe.global\/wp-content\/uploads\/2024\/07\/pexels-ahmed-akacha-3313934-7386009-scaled.jpg","type":"image\/jpeg"}],"author":"Luisa Fontanazza","twitter_card":"summary_large_image","twitter_creator":"@keepchildsafe","twitter_site":"@keepchildsafe","twitter_misc":{"Escrito por":"Luisa Fontanazza","Tiempo de lectura":"1 minuto"},"schema":{"@context":"https:\/\/schema.org","@graph":[{"@type":"Article","@id":"https:\/\/www.keepingchildrensafe.global\/es\/blog\/2024\/07\/11\/empoderando-refugiados-y-refugiadas-refugee-voice-and-action-se-une-a-la-red-global-kcs\/#article","isPartOf":{"@id":"https:\/\/www.keepingchildrensafe.global\/es\/blog\/2024\/07\/11\/empoderando-refugiados-y-refugiadas-refugee-voice-and-action-se-une-a-la-red-global-kcs\/"},"author":{"name":"Luisa Fontanazza","@id":"https:\/\/www.keepingchildrensafe.global\/es\/#\/schema\/person\/f88cbf9faf8bf619dbcb4c048bd234fe"},"headline":"Empoderando refugiados y refugiadas: Refugee Voice and Action se une a la red global KCS","datePublished":"2024-07-11T14:30:44+00:00","dateModified":"2024-07-11T14:33:50+00:00","mainEntityOfPage":{"@id":"https:\/\/www.keepingchildrensafe.global\/es\/blog\/2024\/07\/11\/empoderando-refugiados-y-refugiadas-refugee-voice-and-action-se-une-a-la-red-global-kcs\/"},"wordCount":282,"publisher":{"@id":"https:\/\/www.keepingchildrensafe.global\/es\/#organization"},"image":{"@id":"https:\/\/www.keepingchildrensafe.global\/es\/blog\/2024\/07\/11\/empoderando-refugiados-y-refugiadas-refugee-voice-and-action-se-une-a-la-red-global-kcs\/#primaryimage"},"thumbnailUrl":"https:\/\/www.keepingchildrensafe.global\/wp-content\/uploads\/2024\/07\/pexels-ahmed-akacha-3313934-7386009-scaled.jpg","articleSection":["Miembros de KCS"],"inLanguage":"es"},{"@type":"WebPage","@id":"https:\/\/www.keepingchildrensafe.global\/es\/blog\/2024\/07\/11\/empoderando-refugiados-y-refugiadas-refugee-voice-and-action-se-une-a-la-red-global-kcs\/","url":"https:\/\/www.keepingchildrensafe.global\/es\/blog\/2024\/07\/11\/empoderando-refugiados-y-refugiadas-refugee-voice-and-action-se-une-a-la-red-global-kcs\/","name":"Le damos la bienvenida a Refugee Voice and Action a la red de KCS","isPartOf":{"@id":"https:\/\/www.keepingchildrensafe.global\/es\/#website"},"primaryImageOfPage":{"@id":"https:\/\/www.keepingchildrensafe.global\/es\/blog\/2024\/07\/11\/empoderando-refugiados-y-refugiadas-refugee-voice-and-action-se-une-a-la-red-global-kcs\/#primaryimage"},"image":{"@id":"https:\/\/www.keepingchildrensafe.global\/es\/blog\/2024\/07\/11\/empoderando-refugiados-y-refugiadas-refugee-voice-and-action-se-une-a-la-red-global-kcs\/#primaryimage"},"thumbnailUrl":"https:\/\/www.keepingchildrensafe.global\/wp-content\/uploads\/2024\/07\/pexels-ahmed-akacha-3313934-7386009-scaled.jpg","datePublished":"2024-07-11T14:30:44+00:00","dateModified":"2024-07-11T14:33:50+00:00","description":"Damos una calurosa bienvenida a Refugee Voice and Action (RVA), que se une a nuestra red global Keeping Children Safe.","breadcrumb":{"@id":"https:\/\/www.keepingchildrensafe.global\/es\/blog\/2024\/07\/11\/empoderando-refugiados-y-refugiadas-refugee-voice-and-action-se-une-a-la-red-global-kcs\/#breadcrumb"},"inLanguage":"es","potentialAction":[{"@type":"ReadAction","target":["https:\/\/www.keepingchildrensafe.global\/es\/blog\/2024\/07\/11\/empoderando-refugiados-y-refugiadas-refugee-voice-and-action-se-une-a-la-red-global-kcs\/"]}]},{"@type":"ImageObject","inLanguage":"es","@id":"https:\/\/www.keepingchildrensafe.global\/es\/blog\/2024\/07\/11\/empoderando-refugiados-y-refugiadas-refugee-voice-and-action-se-une-a-la-red-global-kcs\/#primaryimage","url":"https:\/\/www.keepingchildrensafe.global\/wp-content\/uploads\/2024\/07\/pexels-ahmed-akacha-3313934-7386009-scaled.jpg","contentUrl":"https:\/\/www.keepingchildrensafe.global\/wp-content\/uploads\/2024\/07\/pexels-ahmed-akacha-3313934-7386009-scaled.jpg","width":2800,"height":1867,"caption":"refugee voice and action"},{"@type":"BreadcrumbList","@id":"https:\/\/www.keepingchildrensafe.global\/es\/blog\/2024\/07\/11\/empoderando-refugiados-y-refugiadas-refugee-voice-and-action-se-une-a-la-red-global-kcs\/#breadcrumb","itemListElement":[{"@type":"ListItem","position":1,"name":"Home","item":"https:\/\/www.keepingchildrensafe.global\/es\/"},{"@type":"ListItem","position":2,"name":"Empoderando refugiados y refugiadas: Refugee Voice and Action se une a la red global KCS"}]},{"@type":"WebSite","@id":"https:\/\/www.keepingchildrensafe.global\/es\/#website","url":"https:\/\/www.keepingchildrensafe.global\/es\/","name":"Keeping Children Safe","description":"Setting tough International Child Safeguarding Standards","publisher":{"@id":"https:\/\/www.keepingchildrensafe.global\/es\/#organization"},"potentialAction":[{"@type":"SearchAction","target":{"@type":"EntryPoint","urlTemplate":"https:\/\/www.keepingchildrensafe.global\/es\/?s={search_term_string}"},"query-input":{"@type":"PropertyValueSpecification","valueRequired":true,"valueName":"search_term_string"}}],"inLanguage":"es"},{"@type":"Organization","@id":"https:\/\/www.keepingchildrensafe.global\/es\/#organization","name":"Keeping Children Safe","url":"https:\/\/www.keepingchildrensafe.global\/es\/","logo":{"@type":"ImageObject","inLanguage":"es","@id":"https:\/\/www.keepingchildrensafe.global\/es\/#\/schema\/logo\/image\/","url":"https:\/\/kcs.webscapegardener.site\/wp-content\/uploads\/2023\/10\/kcs-header-logo.png","contentUrl":"https:\/\/kcs.webscapegardener.site\/wp-content\/uploads\/2023\/10\/kcs-header-logo.png","width":204,"height":21,"caption":"Keeping Children Safe"},"image":{"@id":"https:\/\/www.keepingchildrensafe.global\/es\/#\/schema\/logo\/image\/"},"sameAs":["https:\/\/www.facebook.com\/KCSkeepingchildrensafe","https:\/\/x.com\/keepchildsafe","https:\/\/www.instagram.com\/keepingchildrensafe\/","https:\/\/www.linkedin.com\/company\/keeping-children-safe-coalition\/","https:\/\/vimeo.com\/keepingchildrensafe"]},{"@type":"Person","@id":"https:\/\/www.keepingchildrensafe.global\/es\/#\/schema\/person\/f88cbf9faf8bf619dbcb4c048bd234fe","name":"Luisa Fontanazza","image":{"@type":"ImageObject","inLanguage":"es","@id":"https:\/\/secure.gravatar.com\/avatar\/4eb670e404d0dadf8dd9427c50c645f073d83dac0cc77c58a83c1223e113fac8?s=96&d=blank&r=g","url":"https:\/\/secure.gravatar.com\/avatar\/4eb670e404d0dadf8dd9427c50c645f073d83dac0cc77c58a83c1223e113fac8?s=96&d=blank&r=g","contentUrl":"https:\/\/secure.gravatar.com\/avatar\/4eb670e404d0dadf8dd9427c50c645f073d83dac0cc77c58a83c1223e113fac8?s=96&d=blank&r=g","caption":"Luisa Fontanazza"}}]}},"_links":{"self":[{"href":"https:\/\/www.keepingchildrensafe.global\/es\/wp-json\/wp\/v2\/posts\/28286","targetHints":{"allow":["GET"]}}],"collection":[{"href":"https:\/\/www.keepingchildrensafe.global\/es\/wp-json\/wp\/v2\/posts"}],"about":[{"href":"https:\/\/www.keepingchildrensafe.global\/es\/wp-json\/wp\/v2\/types\/post"}],"author":[{"embeddable":true,"href":"https:\/\/www.keepingchildrensafe.global\/es\/wp-json\/wp\/v2\/users\/3"}],"replies":[{"embeddable":true,"href":"https:\/\/www.keepingchildrensafe.global\/es\/wp-json\/wp\/v2\/comments?post=28286"}],"version-history":[{"count":1,"href":"https:\/\/www.keepingchildrensafe.global\/es\/wp-json\/wp\/v2\/posts\/28286\/revisions"}],"predecessor-version":[{"id":28287,"href":"https:\/\/www.keepingchildrensafe.global\/es\/wp-json\/wp\/v2\/posts\/28286\/revisions\/28287"}],"wp:featuredmedia":[{"embeddable":true,"href":"https:\/\/www.keepingchildrensafe.global\/es\/wp-json\/wp\/v2\/media\/28284"}],"wp:attachment":[{"href":"https:\/\/www.keepingchildrensafe.global\/es\/wp-json\/wp\/v2\/media?parent=28286"}],"wp:term":[{"taxonomy":"category","embeddable":true,"href":"https:\/\/www.keepingchildrensafe.global\/es\/wp-json\/wp\/v2\/categories?post=28286"},{"taxonomy":"post_tag","embeddable":true,"href":"https:\/\/www.keepingchildrensafe.global\/es\/wp-json\/wp\/v2\/tags?post=28286"}],"curies":[{"name":"wp","href":"https:\/\/api.w.org\/{rel}","templated":true}]}}