{"id":29504,"date":"2024-10-22T17:53:23","date_gmt":"2024-10-22T16:53:23","guid":{"rendered":"https:\/\/www.keepingchildrensafe.global\/blog\/2024\/10\/22\/la-proteccion-infantil-organizacional-en-la-comunicacion\/"},"modified":"2024-10-30T18:01:03","modified_gmt":"2024-10-30T18:01:03","slug":"la-proteccion-infantil-organizacional-en-la-comunicacion","status":"publish","type":"post","link":"https:\/\/www.keepingchildrensafe.global\/es\/blog\/2024\/10\/22\/la-proteccion-infantil-organizacional-en-la-comunicacion\/","title":{"rendered":"La protecci\u00f3n infantil organizacional en la comunicaci\u00f3n"},"content":{"rendered":"\n<div style=\"height:30px\" aria-hidden=\"true\" class=\"wp-block-spacer\"><\/div>\n\n\n\n<figure class=\"wp-block-image size-full\"><img decoding=\"async\" width=\"2800\" height=\"1120\" data-src=\"https:\/\/www.keepingchildrensafe.global\/wp-content\/uploads\/2024\/10\/KCS-ICSW2024-Banners-Blog1-ES.png\" alt=\"\" class=\"wp-image-29583 lazyload\" data-srcset=\"https:\/\/www.keepingchildrensafe.global\/wp-content\/uploads\/2024\/10\/KCS-ICSW2024-Banners-Blog1-ES.png 2800w, https:\/\/www.keepingchildrensafe.global\/wp-content\/uploads\/2024\/10\/KCS-ICSW2024-Banners-Blog1-ES-1200x480.png 1200w\" data-sizes=\"(max-width: 2800px) 100vw, 2800px\" src=\"data:image\/svg+xml;base64,PHN2ZyB3aWR0aD0iMSIgaGVpZ2h0PSIxIiB4bWxucz0iaHR0cDovL3d3dy53My5vcmcvMjAwMC9zdmciPjwvc3ZnPg==\" style=\"--smush-placeholder-width: 2800px; --smush-placeholder-aspect-ratio: 2800\/1120;\" \/><\/figure>\n\n\n\n<div style=\"height:45px\" aria-hidden=\"true\" class=\"wp-block-spacer\"><\/div>\n\n\n\n<blockquote class=\"wp-block-quote is-layout-flow wp-block-quote-is-layout-flow\">\n<p>\u00abLa protecci\u00f3n forma parte de un enfoque \u00e9tico de la comunicaci\u00f3n, sobre todo cuando se trabaja con personas y se quiere reflejar su participaci\u00f3n en el proceso de investigaci\u00f3n o c\u00f3mo el tema investigado afecta a sus vidas. Se trata de tener respeto por las personas y las comunidades con las que se trabaja, asegur\u00e1ndose de retratar sus vidas y sus perspectivas con honestidad y de una manera que les resulte aceptable\u00bb. <\/p>\n<\/blockquote>\n\n\n\n<p class=\"arrow-list\"><a href=\"https:\/\/vimeo.com\/1021032586\" target=\"_blank\" rel=\"noreferrer noopener\">Mire el video completo de Caroline Knowles, de la Universidad de Reading, sobre la<em> Protecci\u00f3n como parte de un enfoque \u00e9tico a la comunicaci\u00f3n. <\/em> <\/a><\/p>\n\n\n\n<div style=\"height:45px\" aria-hidden=\"true\" class=\"wp-block-spacer\"><\/div>\n\n\n\n<p>La protecci\u00f3n infantil organizacional en la comunicaci\u00f3n garantiza que todas las interacciones en las que participen ni\u00f1os, ni\u00f1as o adolescentes en medios de comunicaci\u00f3n, proyectos o investigaciones est\u00e9n dise\u00f1adas para proteger su dignidad, privacidad y bienestar. Este enfoque reconoce los riesgos potenciales a los que pueden verse expuestas las infancias y aborda estos riesgos con medidas de prevenci\u00f3n y mitigaci\u00f3n. Siguiendo procedimientos claros de protecci\u00f3n infantil organizacional, las organizaciones pueden prevenir el da\u00f1o y garantizar que los ni\u00f1os y ni\u00f1as que sean parte de sus comunicaciones sean tratados con respeto y cuidado. <\/p>\n\n\n\n<div style=\"height:5px\" aria-hidden=\"true\" class=\"wp-block-spacer\"><\/div>\n\n\n\n<p>Algunas pr\u00e1cticas clave son obtener el consentimiento informado de los padres, madres o cuidadores y la conformidad de los ni\u00f1os, ni\u00f1as y adolescentes, y evitar cualquier representaci\u00f3n que pueda ponerles en peligro o exponerles a da\u00f1os. Deben existir protocolos de protecci\u00f3n, como la formaci\u00f3n del personal, la regla de los dos adultos y c\u00f3digos de conducta claros para proteger a las infancias y responder adecuadamente a cualquier denuncia. Implicar a las infancias en las decisiones sobre el uso de sus im\u00e1genes e historias es tambi\u00e9n esencial para su seguridad y dignidad.   <\/p>\n\n\n\n<div style=\"height:15px\" aria-hidden=\"true\" class=\"wp-block-spacer\"><\/div>\n\n\n\n<p>Explore algunos de los recursos desarrollados por KCS y otras organizaciones sobre este tema: <\/p>\n\n\n\n<ul class=\"wp-block-list\">\n<li style=\"text-decoration:underline\"><a href=\"https:\/\/vimeo.com\/1021030929\" target=\"_blank\" rel=\"noreferrer noopener\">Video sobre protecci\u00f3n infantil organizacional del Instituto Interamericano del Ni\u00f1o, la Ni\u00f1a y Adolescentes<\/a><\/li>\n\n\n\n<li style=\"text-decoration:underline\"><a href=\"https:\/\/rise.articulate.com\/share\/0TfINy_8cYMSQxn9IAvgLTkwRjkKwIrv#\/\" target=\"_blank\" rel=\"noreferrer noopener\">Microaprendizaje de KCS sobre la protecci\u00f3n infantil organizacional en la comunicaci\u00f3n<\/a><\/li>\n\n\n\n<li style=\"text-decoration:underline\"><a href=\"https:\/\/ico.org.uk\/for-organisations\/uk-gdpr-guidance-and-resources\/childrens-information\/childrens-code-guidance-and-resources\/how-to-use-our-guidance-for-standard-one-best-interests-of-the-child\/best-interests-framework\/\" target=\"_blank\" rel=\"noreferrer noopener\">Oficina del Comisionado de Informaci\u00f3n del Reino Unido &#8211; C\u00f3digo infantil: marco del inter\u00e9s superior <\/a><\/li>\n<\/ul>\n\n\n\n<div style=\"height:45px\" aria-hidden=\"true\" class=\"wp-block-spacer\"><\/div>\n\n\n\n<hr class=\"wp-block-separator has-alpha-channel-opacity is-style-wide\" style=\"margin-top:0;margin-bottom:0\"\/>\n\n\n\n<div style=\"height:45px\" aria-hidden=\"true\" class=\"wp-block-spacer\"><\/div>\n\n\n\n<p>La Semana Internacional de la Protecci\u00f3n Infantil Organizacional (ICSW en ingl\u00e9s) es una campa\u00f1a global iniciada por Keeping Children Safe para enfatizar en que proteger a los ni\u00f1os, ni\u00f1as y adolescencias de la explotaci\u00f3n y el abuso es responsabilidad de todos y todas. Ofrece recursos y aprendizajes diarios en distintas tem\u00e1ticas dentro de la protecci\u00f3n infantil organizacional en el sitio web de KCS. <\/p>\n\n\n\n<p class=\"arrow-list\"><a href=\"https:\/\/www.keepingchildrensafe.global\/es\/semana-internacional-de-la-proteccion-infantil-organizacional-2024\/\" target=\"_blank\" rel=\"noreferrer noopener\">M\u00e1s informaci\u00f3n sobre #ICSW2024<\/a><\/p>\n\n\n\n<div style=\"height:60px\" aria-hidden=\"true\" class=\"wp-block-spacer\"><\/div>\n\n\n\n<p><\/p>\n","protected":false},"excerpt":{"rendered":"<p>\u00abLa protecci\u00f3n forma parte de un enfoque \u00e9tico de la comunicaci\u00f3n, sobre todo cuando se trabaja con personas y se quiere reflejar su participaci\u00f3n en el proceso de investigaci\u00f3n o c\u00f3mo el tema investigado afecta a sus vidas. Se trata de tener respeto por las personas y las comunidades con las que se trabaja, asegur\u00e1ndose [&hellip;]<\/p>\n","protected":false},"author":3,"featured_media":29717,"comment_status":"closed","ping_status":"closed","sticky":false,"template":"","format":"standard","meta":{"_acf_changed":false,"_eb_attr":"","site-sidebar-layout":"default","site-content-layout":"","ast-site-content-layout":"default","site-content-style":"default","site-sidebar-style":"default","ast-global-header-display":"","ast-banner-title-visibility":"","ast-main-header-display":"","ast-hfb-above-header-display":"","ast-hfb-below-header-display":"","ast-hfb-mobile-header-display":"","site-post-title":"","ast-breadcrumbs-content":"","ast-featured-img":"","footer-sml-layout":"","ast-disable-related-posts":"","theme-transparent-header-meta":"","adv-header-id-meta":"","stick-header-meta":"","header-above-stick-meta":"","header-main-stick-meta":"","header-below-stick-meta":"","astra-migrate-meta-layouts":"set","ast-page-background-enabled":"default","ast-page-background-meta":{"desktop":{"background-color":"var(--ast-global-color-4)","background-image":"","background-repeat":"repeat","background-position":"center center","background-size":"auto","background-attachment":"scroll","background-type":"","background-media":"","overlay-type":"","overlay-color":"","overlay-opacity":"","overlay-gradient":""},"tablet":{"background-color":"","background-image":"","background-repeat":"repeat","background-position":"center center","background-size":"auto","background-attachment":"scroll","background-type":"","background-media":"","overlay-type":"","overlay-color":"","overlay-opacity":"","overlay-gradient":""},"mobile":{"background-color":"","background-image":"","background-repeat":"repeat","background-position":"center center","background-size":"auto","background-attachment":"scroll","background-type":"","background-media":"","overlay-type":"","overlay-color":"","overlay-opacity":"","overlay-gradient":""}},"ast-content-background-meta":{"desktop":{"background-color":"var(--ast-global-color-5)","background-image":"","background-repeat":"repeat","background-position":"center center","background-size":"auto","background-attachment":"scroll","background-type":"","background-media":"","overlay-type":"","overlay-color":"","overlay-opacity":"","overlay-gradient":""},"tablet":{"background-color":"var(--ast-global-color-5)","background-image":"","background-repeat":"repeat","background-position":"center center","background-size":"auto","background-attachment":"scroll","background-type":"","background-media":"","overlay-type":"","overlay-color":"","overlay-opacity":"","overlay-gradient":""},"mobile":{"background-color":"var(--ast-global-color-5)","background-image":"","background-repeat":"repeat","background-position":"center center","background-size":"auto","background-attachment":"scroll","background-type":"","background-media":"","overlay-type":"","overlay-color":"","overlay-opacity":"","overlay-gradient":""}},"footnotes":""},"categories":[90],"tags":[],"class_list":["post-29504","post","type-post","status-publish","format-standard","has-post-thumbnail","hentry","category-noticias"],"acf":[],"yoast_head":"<!-- This site is optimized with the Yoast SEO plugin v27.4 - https:\/\/yoast.com\/product\/yoast-seo-wordpress\/ -->\n<title>La protecci\u00f3n infantil organizacional en la comunicaci\u00f3n - Keeping Children Safe<\/title>\n<meta name=\"robots\" content=\"index, follow, max-snippet:-1, max-image-preview:large, max-video-preview:-1\" \/>\n<link rel=\"canonical\" href=\"https:\/\/www.keepingchildrensafe.global\/es\/blog\/2024\/10\/22\/la-proteccion-infantil-organizacional-en-la-comunicacion\/\" \/>\n<meta property=\"og:locale\" content=\"es_ES\" \/>\n<meta property=\"og:type\" content=\"article\" \/>\n<meta property=\"og:title\" content=\"La protecci\u00f3n infantil organizacional en la comunicaci\u00f3n - Keeping Children Safe\" \/>\n<meta property=\"og:description\" content=\"\u00abLa protecci\u00f3n forma parte de un enfoque \u00e9tico de la comunicaci\u00f3n, sobre todo cuando se trabaja con personas y se quiere reflejar su participaci\u00f3n en el proceso de investigaci\u00f3n o c\u00f3mo el tema investigado afecta a sus vidas. Se trata de tener respeto por las personas y las comunidades con las que se trabaja, asegur\u00e1ndose [&hellip;]\" \/>\n<meta property=\"og:url\" content=\"https:\/\/www.keepingchildrensafe.global\/es\/blog\/2024\/10\/22\/la-proteccion-infantil-organizacional-en-la-comunicacion\/\" \/>\n<meta property=\"og:site_name\" content=\"Keeping Children Safe\" \/>\n<meta property=\"article:publisher\" content=\"https:\/\/www.facebook.com\/KCSkeepingchildrensafe\" \/>\n<meta property=\"article:published_time\" content=\"2024-10-22T16:53:23+00:00\" \/>\n<meta property=\"article:modified_time\" content=\"2024-10-30T18:01:03+00:00\" \/>\n<meta property=\"og:image\" content=\"https:\/\/www.keepingchildrensafe.global\/wp-content\/uploads\/2024\/10\/KCS-ICSW2024-Thumbnail-Blog1-ES.png\" \/>\n\t<meta property=\"og:image:width\" content=\"2500\" \/>\n\t<meta property=\"og:image:height\" content=\"1667\" \/>\n\t<meta property=\"og:image:type\" content=\"image\/png\" \/>\n<meta name=\"author\" content=\"Luisa Fontanazza\" \/>\n<meta name=\"twitter:card\" content=\"summary_large_image\" \/>\n<meta name=\"twitter:creator\" content=\"@keepchildsafe\" \/>\n<meta name=\"twitter:site\" content=\"@keepchildsafe\" \/>\n<meta name=\"twitter:label1\" content=\"Escrito por\" \/>\n\t<meta name=\"twitter:data1\" content=\"Luisa Fontanazza\" \/>\n\t<meta name=\"twitter:label2\" content=\"Tiempo de lectura\" \/>\n\t<meta name=\"twitter:data2\" content=\"2 minutos\" \/>\n<script type=\"application\/ld+json\" class=\"yoast-schema-graph\">{\"@context\":\"https:\\\/\\\/schema.org\",\"@graph\":[{\"@type\":\"Article\",\"@id\":\"https:\\\/\\\/www.keepingchildrensafe.global\\\/es\\\/blog\\\/2024\\\/10\\\/22\\\/la-proteccion-infantil-organizacional-en-la-comunicacion\\\/#article\",\"isPartOf\":{\"@id\":\"https:\\\/\\\/www.keepingchildrensafe.global\\\/es\\\/blog\\\/2024\\\/10\\\/22\\\/la-proteccion-infantil-organizacional-en-la-comunicacion\\\/\"},\"author\":{\"name\":\"Luisa Fontanazza\",\"@id\":\"https:\\\/\\\/www.keepingchildrensafe.global\\\/es\\\/#\\\/schema\\\/person\\\/f88cbf9faf8bf619dbcb4c048bd234fe\"},\"headline\":\"La protecci\u00f3n infantil organizacional en la comunicaci\u00f3n\",\"datePublished\":\"2024-10-22T16:53:23+00:00\",\"dateModified\":\"2024-10-30T18:01:03+00:00\",\"mainEntityOfPage\":{\"@id\":\"https:\\\/\\\/www.keepingchildrensafe.global\\\/es\\\/blog\\\/2024\\\/10\\\/22\\\/la-proteccion-infantil-organizacional-en-la-comunicacion\\\/\"},\"wordCount\":458,\"publisher\":{\"@id\":\"https:\\\/\\\/www.keepingchildrensafe.global\\\/es\\\/#organization\"},\"image\":{\"@id\":\"https:\\\/\\\/www.keepingchildrensafe.global\\\/es\\\/blog\\\/2024\\\/10\\\/22\\\/la-proteccion-infantil-organizacional-en-la-comunicacion\\\/#primaryimage\"},\"thumbnailUrl\":\"https:\\\/\\\/www.keepingchildrensafe.global\\\/wp-content\\\/uploads\\\/2024\\\/10\\\/KCS-ICSW2024-Thumbnail-Blog1-ES.png\",\"articleSection\":[\"Noticias\"],\"inLanguage\":\"es\"},{\"@type\":\"WebPage\",\"@id\":\"https:\\\/\\\/www.keepingchildrensafe.global\\\/es\\\/blog\\\/2024\\\/10\\\/22\\\/la-proteccion-infantil-organizacional-en-la-comunicacion\\\/\",\"url\":\"https:\\\/\\\/www.keepingchildrensafe.global\\\/es\\\/blog\\\/2024\\\/10\\\/22\\\/la-proteccion-infantil-organizacional-en-la-comunicacion\\\/\",\"name\":\"La protecci\u00f3n infantil organizacional en la comunicaci\u00f3n - Keeping Children Safe\",\"isPartOf\":{\"@id\":\"https:\\\/\\\/www.keepingchildrensafe.global\\\/es\\\/#website\"},\"primaryImageOfPage\":{\"@id\":\"https:\\\/\\\/www.keepingchildrensafe.global\\\/es\\\/blog\\\/2024\\\/10\\\/22\\\/la-proteccion-infantil-organizacional-en-la-comunicacion\\\/#primaryimage\"},\"image\":{\"@id\":\"https:\\\/\\\/www.keepingchildrensafe.global\\\/es\\\/blog\\\/2024\\\/10\\\/22\\\/la-proteccion-infantil-organizacional-en-la-comunicacion\\\/#primaryimage\"},\"thumbnailUrl\":\"https:\\\/\\\/www.keepingchildrensafe.global\\\/wp-content\\\/uploads\\\/2024\\\/10\\\/KCS-ICSW2024-Thumbnail-Blog1-ES.png\",\"datePublished\":\"2024-10-22T16:53:23+00:00\",\"dateModified\":\"2024-10-30T18:01:03+00:00\",\"breadcrumb\":{\"@id\":\"https:\\\/\\\/www.keepingchildrensafe.global\\\/es\\\/blog\\\/2024\\\/10\\\/22\\\/la-proteccion-infantil-organizacional-en-la-comunicacion\\\/#breadcrumb\"},\"inLanguage\":\"es\",\"potentialAction\":[{\"@type\":\"ReadAction\",\"target\":[\"https:\\\/\\\/www.keepingchildrensafe.global\\\/es\\\/blog\\\/2024\\\/10\\\/22\\\/la-proteccion-infantil-organizacional-en-la-comunicacion\\\/\"]}]},{\"@type\":\"ImageObject\",\"inLanguage\":\"es\",\"@id\":\"https:\\\/\\\/www.keepingchildrensafe.global\\\/es\\\/blog\\\/2024\\\/10\\\/22\\\/la-proteccion-infantil-organizacional-en-la-comunicacion\\\/#primaryimage\",\"url\":\"https:\\\/\\\/www.keepingchildrensafe.global\\\/wp-content\\\/uploads\\\/2024\\\/10\\\/KCS-ICSW2024-Thumbnail-Blog1-ES.png\",\"contentUrl\":\"https:\\\/\\\/www.keepingchildrensafe.global\\\/wp-content\\\/uploads\\\/2024\\\/10\\\/KCS-ICSW2024-Thumbnail-Blog1-ES.png\",\"width\":2500,\"height\":1667},{\"@type\":\"BreadcrumbList\",\"@id\":\"https:\\\/\\\/www.keepingchildrensafe.global\\\/es\\\/blog\\\/2024\\\/10\\\/22\\\/la-proteccion-infantil-organizacional-en-la-comunicacion\\\/#breadcrumb\",\"itemListElement\":[{\"@type\":\"ListItem\",\"position\":1,\"name\":\"Home\",\"item\":\"https:\\\/\\\/www.keepingchildrensafe.global\\\/es\\\/\"},{\"@type\":\"ListItem\",\"position\":2,\"name\":\"La protecci\u00f3n infantil organizacional en la comunicaci\u00f3n\"}]},{\"@type\":\"WebSite\",\"@id\":\"https:\\\/\\\/www.keepingchildrensafe.global\\\/es\\\/#website\",\"url\":\"https:\\\/\\\/www.keepingchildrensafe.global\\\/es\\\/\",\"name\":\"Keeping Children Safe\",\"description\":\"Setting tough International Child Safeguarding Standards\",\"publisher\":{\"@id\":\"https:\\\/\\\/www.keepingchildrensafe.global\\\/es\\\/#organization\"},\"potentialAction\":[{\"@type\":\"SearchAction\",\"target\":{\"@type\":\"EntryPoint\",\"urlTemplate\":\"https:\\\/\\\/www.keepingchildrensafe.global\\\/es\\\/?s={search_term_string}\"},\"query-input\":{\"@type\":\"PropertyValueSpecification\",\"valueRequired\":true,\"valueName\":\"search_term_string\"}}],\"inLanguage\":\"es\"},{\"@type\":\"Organization\",\"@id\":\"https:\\\/\\\/www.keepingchildrensafe.global\\\/es\\\/#organization\",\"name\":\"Keeping Children Safe\",\"url\":\"https:\\\/\\\/www.keepingchildrensafe.global\\\/es\\\/\",\"logo\":{\"@type\":\"ImageObject\",\"inLanguage\":\"es\",\"@id\":\"https:\\\/\\\/www.keepingchildrensafe.global\\\/es\\\/#\\\/schema\\\/logo\\\/image\\\/\",\"url\":\"https:\\\/\\\/kcs.webscapegardener.site\\\/wp-content\\\/uploads\\\/2023\\\/10\\\/kcs-header-logo.png\",\"contentUrl\":\"https:\\\/\\\/kcs.webscapegardener.site\\\/wp-content\\\/uploads\\\/2023\\\/10\\\/kcs-header-logo.png\",\"width\":204,\"height\":21,\"caption\":\"Keeping Children Safe\"},\"image\":{\"@id\":\"https:\\\/\\\/www.keepingchildrensafe.global\\\/es\\\/#\\\/schema\\\/logo\\\/image\\\/\"},\"sameAs\":[\"https:\\\/\\\/www.facebook.com\\\/KCSkeepingchildrensafe\",\"https:\\\/\\\/x.com\\\/keepchildsafe\",\"https:\\\/\\\/www.instagram.com\\\/keepingchildrensafe\\\/\",\"https:\\\/\\\/www.linkedin.com\\\/company\\\/keeping-children-safe-coalition\\\/\",\"https:\\\/\\\/vimeo.com\\\/keepingchildrensafe\"]},{\"@type\":\"Person\",\"@id\":\"https:\\\/\\\/www.keepingchildrensafe.global\\\/es\\\/#\\\/schema\\\/person\\\/f88cbf9faf8bf619dbcb4c048bd234fe\",\"name\":\"Luisa Fontanazza\",\"image\":{\"@type\":\"ImageObject\",\"inLanguage\":\"es\",\"@id\":\"https:\\\/\\\/secure.gravatar.com\\\/avatar\\\/4eb670e404d0dadf8dd9427c50c645f073d83dac0cc77c58a83c1223e113fac8?s=96&d=blank&r=g\",\"url\":\"https:\\\/\\\/secure.gravatar.com\\\/avatar\\\/4eb670e404d0dadf8dd9427c50c645f073d83dac0cc77c58a83c1223e113fac8?s=96&d=blank&r=g\",\"contentUrl\":\"https:\\\/\\\/secure.gravatar.com\\\/avatar\\\/4eb670e404d0dadf8dd9427c50c645f073d83dac0cc77c58a83c1223e113fac8?s=96&d=blank&r=g\",\"caption\":\"Luisa Fontanazza\"}}]}<\/script>\n<!-- \/ Yoast SEO plugin. -->","yoast_head_json":{"title":"La protecci\u00f3n infantil organizacional en la comunicaci\u00f3n - Keeping Children Safe","robots":{"index":"index","follow":"follow","max-snippet":"max-snippet:-1","max-image-preview":"max-image-preview:large","max-video-preview":"max-video-preview:-1"},"canonical":"https:\/\/www.keepingchildrensafe.global\/es\/blog\/2024\/10\/22\/la-proteccion-infantil-organizacional-en-la-comunicacion\/","og_locale":"es_ES","og_type":"article","og_title":"La protecci\u00f3n infantil organizacional en la comunicaci\u00f3n - Keeping Children Safe","og_description":"\u00abLa protecci\u00f3n forma parte de un enfoque \u00e9tico de la comunicaci\u00f3n, sobre todo cuando se trabaja con personas y se quiere reflejar su participaci\u00f3n en el proceso de investigaci\u00f3n o c\u00f3mo el tema investigado afecta a sus vidas. Se trata de tener respeto por las personas y las comunidades con las que se trabaja, asegur\u00e1ndose [&hellip;]","og_url":"https:\/\/www.keepingchildrensafe.global\/es\/blog\/2024\/10\/22\/la-proteccion-infantil-organizacional-en-la-comunicacion\/","og_site_name":"Keeping Children Safe","article_publisher":"https:\/\/www.facebook.com\/KCSkeepingchildrensafe","article_published_time":"2024-10-22T16:53:23+00:00","article_modified_time":"2024-10-30T18:01:03+00:00","og_image":[{"width":2500,"height":1667,"url":"https:\/\/www.keepingchildrensafe.global\/wp-content\/uploads\/2024\/10\/KCS-ICSW2024-Thumbnail-Blog1-ES.png","type":"image\/png"}],"author":"Luisa Fontanazza","twitter_card":"summary_large_image","twitter_creator":"@keepchildsafe","twitter_site":"@keepchildsafe","twitter_misc":{"Escrito por":"Luisa Fontanazza","Tiempo de lectura":"2 minutos"},"schema":{"@context":"https:\/\/schema.org","@graph":[{"@type":"Article","@id":"https:\/\/www.keepingchildrensafe.global\/es\/blog\/2024\/10\/22\/la-proteccion-infantil-organizacional-en-la-comunicacion\/#article","isPartOf":{"@id":"https:\/\/www.keepingchildrensafe.global\/es\/blog\/2024\/10\/22\/la-proteccion-infantil-organizacional-en-la-comunicacion\/"},"author":{"name":"Luisa Fontanazza","@id":"https:\/\/www.keepingchildrensafe.global\/es\/#\/schema\/person\/f88cbf9faf8bf619dbcb4c048bd234fe"},"headline":"La protecci\u00f3n infantil organizacional en la comunicaci\u00f3n","datePublished":"2024-10-22T16:53:23+00:00","dateModified":"2024-10-30T18:01:03+00:00","mainEntityOfPage":{"@id":"https:\/\/www.keepingchildrensafe.global\/es\/blog\/2024\/10\/22\/la-proteccion-infantil-organizacional-en-la-comunicacion\/"},"wordCount":458,"publisher":{"@id":"https:\/\/www.keepingchildrensafe.global\/es\/#organization"},"image":{"@id":"https:\/\/www.keepingchildrensafe.global\/es\/blog\/2024\/10\/22\/la-proteccion-infantil-organizacional-en-la-comunicacion\/#primaryimage"},"thumbnailUrl":"https:\/\/www.keepingchildrensafe.global\/wp-content\/uploads\/2024\/10\/KCS-ICSW2024-Thumbnail-Blog1-ES.png","articleSection":["Noticias"],"inLanguage":"es"},{"@type":"WebPage","@id":"https:\/\/www.keepingchildrensafe.global\/es\/blog\/2024\/10\/22\/la-proteccion-infantil-organizacional-en-la-comunicacion\/","url":"https:\/\/www.keepingchildrensafe.global\/es\/blog\/2024\/10\/22\/la-proteccion-infantil-organizacional-en-la-comunicacion\/","name":"La protecci\u00f3n infantil organizacional en la comunicaci\u00f3n - Keeping Children Safe","isPartOf":{"@id":"https:\/\/www.keepingchildrensafe.global\/es\/#website"},"primaryImageOfPage":{"@id":"https:\/\/www.keepingchildrensafe.global\/es\/blog\/2024\/10\/22\/la-proteccion-infantil-organizacional-en-la-comunicacion\/#primaryimage"},"image":{"@id":"https:\/\/www.keepingchildrensafe.global\/es\/blog\/2024\/10\/22\/la-proteccion-infantil-organizacional-en-la-comunicacion\/#primaryimage"},"thumbnailUrl":"https:\/\/www.keepingchildrensafe.global\/wp-content\/uploads\/2024\/10\/KCS-ICSW2024-Thumbnail-Blog1-ES.png","datePublished":"2024-10-22T16:53:23+00:00","dateModified":"2024-10-30T18:01:03+00:00","breadcrumb":{"@id":"https:\/\/www.keepingchildrensafe.global\/es\/blog\/2024\/10\/22\/la-proteccion-infantil-organizacional-en-la-comunicacion\/#breadcrumb"},"inLanguage":"es","potentialAction":[{"@type":"ReadAction","target":["https:\/\/www.keepingchildrensafe.global\/es\/blog\/2024\/10\/22\/la-proteccion-infantil-organizacional-en-la-comunicacion\/"]}]},{"@type":"ImageObject","inLanguage":"es","@id":"https:\/\/www.keepingchildrensafe.global\/es\/blog\/2024\/10\/22\/la-proteccion-infantil-organizacional-en-la-comunicacion\/#primaryimage","url":"https:\/\/www.keepingchildrensafe.global\/wp-content\/uploads\/2024\/10\/KCS-ICSW2024-Thumbnail-Blog1-ES.png","contentUrl":"https:\/\/www.keepingchildrensafe.global\/wp-content\/uploads\/2024\/10\/KCS-ICSW2024-Thumbnail-Blog1-ES.png","width":2500,"height":1667},{"@type":"BreadcrumbList","@id":"https:\/\/www.keepingchildrensafe.global\/es\/blog\/2024\/10\/22\/la-proteccion-infantil-organizacional-en-la-comunicacion\/#breadcrumb","itemListElement":[{"@type":"ListItem","position":1,"name":"Home","item":"https:\/\/www.keepingchildrensafe.global\/es\/"},{"@type":"ListItem","position":2,"name":"La protecci\u00f3n infantil organizacional en la comunicaci\u00f3n"}]},{"@type":"WebSite","@id":"https:\/\/www.keepingchildrensafe.global\/es\/#website","url":"https:\/\/www.keepingchildrensafe.global\/es\/","name":"Keeping Children Safe","description":"Setting tough International Child Safeguarding Standards","publisher":{"@id":"https:\/\/www.keepingchildrensafe.global\/es\/#organization"},"potentialAction":[{"@type":"SearchAction","target":{"@type":"EntryPoint","urlTemplate":"https:\/\/www.keepingchildrensafe.global\/es\/?s={search_term_string}"},"query-input":{"@type":"PropertyValueSpecification","valueRequired":true,"valueName":"search_term_string"}}],"inLanguage":"es"},{"@type":"Organization","@id":"https:\/\/www.keepingchildrensafe.global\/es\/#organization","name":"Keeping Children Safe","url":"https:\/\/www.keepingchildrensafe.global\/es\/","logo":{"@type":"ImageObject","inLanguage":"es","@id":"https:\/\/www.keepingchildrensafe.global\/es\/#\/schema\/logo\/image\/","url":"https:\/\/kcs.webscapegardener.site\/wp-content\/uploads\/2023\/10\/kcs-header-logo.png","contentUrl":"https:\/\/kcs.webscapegardener.site\/wp-content\/uploads\/2023\/10\/kcs-header-logo.png","width":204,"height":21,"caption":"Keeping Children Safe"},"image":{"@id":"https:\/\/www.keepingchildrensafe.global\/es\/#\/schema\/logo\/image\/"},"sameAs":["https:\/\/www.facebook.com\/KCSkeepingchildrensafe","https:\/\/x.com\/keepchildsafe","https:\/\/www.instagram.com\/keepingchildrensafe\/","https:\/\/www.linkedin.com\/company\/keeping-children-safe-coalition\/","https:\/\/vimeo.com\/keepingchildrensafe"]},{"@type":"Person","@id":"https:\/\/www.keepingchildrensafe.global\/es\/#\/schema\/person\/f88cbf9faf8bf619dbcb4c048bd234fe","name":"Luisa Fontanazza","image":{"@type":"ImageObject","inLanguage":"es","@id":"https:\/\/secure.gravatar.com\/avatar\/4eb670e404d0dadf8dd9427c50c645f073d83dac0cc77c58a83c1223e113fac8?s=96&d=blank&r=g","url":"https:\/\/secure.gravatar.com\/avatar\/4eb670e404d0dadf8dd9427c50c645f073d83dac0cc77c58a83c1223e113fac8?s=96&d=blank&r=g","contentUrl":"https:\/\/secure.gravatar.com\/avatar\/4eb670e404d0dadf8dd9427c50c645f073d83dac0cc77c58a83c1223e113fac8?s=96&d=blank&r=g","caption":"Luisa Fontanazza"}}]}},"_links":{"self":[{"href":"https:\/\/www.keepingchildrensafe.global\/es\/wp-json\/wp\/v2\/posts\/29504","targetHints":{"allow":["GET"]}}],"collection":[{"href":"https:\/\/www.keepingchildrensafe.global\/es\/wp-json\/wp\/v2\/posts"}],"about":[{"href":"https:\/\/www.keepingchildrensafe.global\/es\/wp-json\/wp\/v2\/types\/post"}],"author":[{"embeddable":true,"href":"https:\/\/www.keepingchildrensafe.global\/es\/wp-json\/wp\/v2\/users\/3"}],"replies":[{"embeddable":true,"href":"https:\/\/www.keepingchildrensafe.global\/es\/wp-json\/wp\/v2\/comments?post=29504"}],"version-history":[{"count":5,"href":"https:\/\/www.keepingchildrensafe.global\/es\/wp-json\/wp\/v2\/posts\/29504\/revisions"}],"predecessor-version":[{"id":29719,"href":"https:\/\/www.keepingchildrensafe.global\/es\/wp-json\/wp\/v2\/posts\/29504\/revisions\/29719"}],"wp:featuredmedia":[{"embeddable":true,"href":"https:\/\/www.keepingchildrensafe.global\/es\/wp-json\/wp\/v2\/media\/29717"}],"wp:attachment":[{"href":"https:\/\/www.keepingchildrensafe.global\/es\/wp-json\/wp\/v2\/media?parent=29504"}],"wp:term":[{"taxonomy":"category","embeddable":true,"href":"https:\/\/www.keepingchildrensafe.global\/es\/wp-json\/wp\/v2\/categories?post=29504"},{"taxonomy":"post_tag","embeddable":true,"href":"https:\/\/www.keepingchildrensafe.global\/es\/wp-json\/wp\/v2\/tags?post=29504"}],"curies":[{"name":"wp","href":"https:\/\/api.w.org\/{rel}","templated":true}]}}