{"id":30247,"date":"2025-01-09T19:22:05","date_gmt":"2025-01-09T19:22:05","guid":{"rendered":"https:\/\/www.keepingchildrensafe.global\/blog\/2025\/01\/09\/nuestro-equipo-crece-en-brasil-conoce-a-nuestra-nueva-asesora-de-proteccion-infantil-our-team-grows-in-brazil-meet-our-new-child-safeguarding-adviser\/"},"modified":"2025-01-10T10:50:40","modified_gmt":"2025-01-10T10:50:40","slug":"nuestro-equipo-crece-en-brasil-conoce-a-nuestra-nueva-asesora-de-proteccion-infantil-our-team-grows-in-brazil-meet-our-new-child-safeguarding-adviser","status":"publish","type":"post","link":"https:\/\/www.keepingchildrensafe.global\/es\/blog\/2025\/01\/09\/nuestro-equipo-crece-en-brasil-conoce-a-nuestra-nueva-asesora-de-proteccion-infantil-our-team-grows-in-brazil-meet-our-new-child-safeguarding-adviser\/","title":{"rendered":"Nuestro equipo crece en Brasil: conoce a nuestra nueva Asesora de Protecci\u00f3n Infantil"},"content":{"rendered":"\n<div style=\"height:45px\" aria-hidden=\"true\" class=\"wp-block-spacer\"><\/div>\n\n<figure class=\"wp-block-image aligncenter size-full\"><img decoding=\"async\" width=\"1153\" height=\"563\" data-src=\"https:\/\/www.keepingchildrensafe.global\/wp-content\/uploads\/2025\/01\/Andrea-KCS-2.jpeg\" alt=\"\" class=\"wp-image-30226 lazyload\" style=\"--smush-placeholder-width: 1153px; --smush-placeholder-aspect-ratio: 1153\/563;object-fit:cover\" src=\"data:image\/svg+xml;base64,PHN2ZyB3aWR0aD0iMSIgaGVpZ2h0PSIxIiB4bWxucz0iaHR0cDovL3d3dy53My5vcmcvMjAwMC9zdmciPjwvc3ZnPg==\" \/><\/figure>\n\n<div style=\"height:60px\" aria-hidden=\"true\" class=\"wp-block-spacer\"><\/div>\n\n<p class=\"has-ast-global-color-3-color has-text-color has-link-color has-medium-font-size wp-elements-d25cd1581e9961fa61107531efd21699\">Andrea Espirito Santo es nuestra nueva Asesora de Protecci\u00f3n Infantil y liderar\u00e1 nuestra presencia en Brasil. Su adhesi\u00f3n al equipo de Keeping Children Safe es un paso clave en la expansi\u00f3n de nuestra presencia en Brasil y nuestro plan de ofrecer servicios y materiales en portugu\u00e9s, como auditor\u00edas, capacitaciones y mentor\u00edas.  <\/p>\n\n<p>Andrea ha trabajado por la proteci\u00f3n infantil a lo largo de toda su carrera: ha sido parte de programas de educaci\u00f3n para \u00c1frica y Am\u00e9rica Latina, colaborado con organizaciones internacionales basadas en fe y ofrecido apoyo a personas refugiadas en Tailandia. <\/p>\n\n<p>En esta breve entrevista, le preguntamos sobre sus experiencias profesionales y sus motivaciones para trabajar por el bienestar de ni\u00f1os, ni\u00f1as y adolescentes. <\/p>\n\n<div style=\"height:15px\" aria-hidden=\"true\" class=\"wp-block-spacer\"><\/div>\n\n<h2 class=\"wp-block-heading has-medium-font-size\"><strong>\u00bfQu\u00e9 te motiv\u00f3 a unirte a Keeping Children Safe?<\/strong> <\/h2>\n\n<p>Sab\u00eda que quer\u00eda trabajar por la protecci\u00f3n de la infancia desde que conoc\u00ed el tema hace 15 a\u00f1os y a lo largo de mi carrera he utilizado y compartido los recursos de Keeping Children Safe. Este tema me apasiona y estoy comprometida con su aplicaci\u00f3n en todo el mundo, especialmente en Brasil y con materiales en portugu\u00e9s.  <\/p>\n\n<div style=\"height:15px\" aria-hidden=\"true\" class=\"wp-block-spacer\"><\/div>\n\n<h2 class=\"wp-block-heading has-medium-font-size\"><strong>\u00bfCu\u00e1les son los principales objetivos del programa de Keeping Children Safe en Brasil?<\/strong> <\/h2>\n\n<p>Nuestro objetivo es instaurar en Brasil un programa integral de protecci\u00f3n de la infancia en portugu\u00e9s &#8211; esto incluye realizar investigaci\u00f3n, buscar nuevos socios y ofrecer cursos. <\/p>\n\n<p>Me encanta mi pa\u00eds, Brasil. He visitado sus 5 regiones para impartir formaci\u00f3n, colaborar con organizaciones locales, conocer ni\u00f1os y conectar con diferentes comunidades. He logrado comprender los retos actuales y visualizar muchas oportunidades, por lo que estoy deseando ver c\u00f3mo las organizaciones locales establecer\u00e1n las pol\u00edticas y aplicar\u00e1n las normas.   <\/p>\n\n<div style=\"height:15px\" aria-hidden=\"true\" class=\"wp-block-spacer\"><\/div>\n\n<h2 class=\"wp-block-heading has-medium-font-size\"><strong>\u00bfDe qu\u00e9 forma esperas contribuir al objetivo de la organizaci\u00f3n de asegurar el bienestar en las infancias?<\/strong> <\/h2>\n\n<p>Estando comprometida con la causa y con el respeto de los derechos de ni\u00f1as, ni\u00f1os y adolescentes, realizando mi trabajo con diligencia, aprovechando todas las oportunidades para garantizar el cumplimiento de nuestros objetivos y de la misi\u00f3n de Keeping Children Safe, que tambi\u00e9n es la m\u00eda. Valoro a cada organizaci\u00f3n que busca aprender, establecer y desarrollar normas internacionales de salvaguarda de la infancia y les guiar\u00e9 para que su proceso sea fruct\u00edfero.  <\/p>\n\n<div style=\"height:15px\" aria-hidden=\"true\" class=\"wp-block-spacer\"><\/div>\n\n<h2 class=\"wp-block-heading has-medium-font-size\"><strong>\u00bfPor qu\u00e9 crees que la seguridad y el bienestar de ni\u00f1os, ni\u00f1as y adolescentes es importante?<\/strong> <\/h2>\n\n<p>Es muy importante, ya que tenemos los ni\u00f1os corren peligro de sufrir abusos si la sociedad en general no tiene las herramientas para contribuir a su desarrollo de forma adecuada y sin violencia. Los abusos contra los ni\u00f1os ocurren donde menos lo esperamos: desde situaciones extremas, como cat\u00e1strofes naturales, hasta situaciones cotidianas en muchas organizaciones donde se supone que los voluntarios y empleados deben proteger a los ni\u00f1os pero los maltratan. Por eso es tan importante la labor de protecci\u00f3n de la infancia. Necesitamos promover una cultura que tenga como prioridad los derechos de ni\u00f1as, ni\u00f1os y adolescentes.   <\/p>\n\n<div style=\"height:90px\" aria-hidden=\"true\" class=\"wp-block-spacer\"><\/div>\n","protected":false},"excerpt":{"rendered":"<p>Andrea Espirito Santo es nuestra nueva Asesora de Protecci\u00f3n Infantil y liderar\u00e1 nuestra presencia en Brasil. Su adhesi\u00f3n al equipo de Keeping Children Safe es un paso clave en la expansi\u00f3n de nuestra presencia en Brasil y nuestro plan de ofrecer servicios y materiales en portugu\u00e9s, como auditor\u00edas, capacitaciones y mentor\u00edas. Andrea ha trabajado por [&hellip;]<\/p>\n","protected":false},"author":14,"featured_media":30227,"comment_status":"closed","ping_status":"closed","sticky":false,"template":"","format":"standard","meta":{"_acf_changed":false,"_eb_attr":"","site-sidebar-layout":"default","site-content-layout":"","ast-site-content-layout":"default","site-content-style":"default","site-sidebar-style":"default","ast-global-header-display":"","ast-banner-title-visibility":"","ast-main-header-display":"","ast-hfb-above-header-display":"","ast-hfb-below-header-display":"","ast-hfb-mobile-header-display":"","site-post-title":"","ast-breadcrumbs-content":"","ast-featured-img":"","footer-sml-layout":"","ast-disable-related-posts":"","theme-transparent-header-meta":"","adv-header-id-meta":"","stick-header-meta":"","header-above-stick-meta":"","header-main-stick-meta":"","header-below-stick-meta":"","astra-migrate-meta-layouts":"set","ast-page-background-enabled":"default","ast-page-background-meta":{"desktop":{"background-color":"var(--ast-global-color-4)","background-image":"","background-repeat":"repeat","background-position":"center center","background-size":"auto","background-attachment":"scroll","background-type":"","background-media":"","overlay-type":"","overlay-color":"","overlay-opacity":"","overlay-gradient":""},"tablet":{"background-color":"","background-image":"","background-repeat":"repeat","background-position":"center center","background-size":"auto","background-attachment":"scroll","background-type":"","background-media":"","overlay-type":"","overlay-color":"","overlay-opacity":"","overlay-gradient":""},"mobile":{"background-color":"","background-image":"","background-repeat":"repeat","background-position":"center center","background-size":"auto","background-attachment":"scroll","background-type":"","background-media":"","overlay-type":"","overlay-color":"","overlay-opacity":"","overlay-gradient":""}},"ast-content-background-meta":{"desktop":{"background-color":"var(--ast-global-color-5)","background-image":"","background-repeat":"repeat","background-position":"center center","background-size":"auto","background-attachment":"scroll","background-type":"","background-media":"","overlay-type":"","overlay-color":"","overlay-opacity":"","overlay-gradient":""},"tablet":{"background-color":"var(--ast-global-color-5)","background-image":"","background-repeat":"repeat","background-position":"center center","background-size":"auto","background-attachment":"scroll","background-type":"","background-media":"","overlay-type":"","overlay-color":"","overlay-opacity":"","overlay-gradient":""},"mobile":{"background-color":"var(--ast-global-color-5)","background-image":"","background-repeat":"repeat","background-position":"center center","background-size":"auto","background-attachment":"scroll","background-type":"","background-media":"","overlay-type":"","overlay-color":"","overlay-opacity":"","overlay-gradient":""}},"footnotes":""},"categories":[90],"tags":[],"class_list":["post-30247","post","type-post","status-publish","format-standard","has-post-thumbnail","hentry","category-noticias"],"acf":[],"yoast_head":"<!-- This site is optimized with the Yoast SEO plugin v27.5 - https:\/\/yoast.com\/product\/yoast-seo-wordpress\/ -->\n<title>Nuestro equipo crece en Brasil: conoce a nuestra nueva Asesora de Protecci\u00f3n Infantil - Keeping Children Safe<\/title>\n<meta name=\"robots\" content=\"index, follow, max-snippet:-1, max-image-preview:large, max-video-preview:-1\" \/>\n<link rel=\"canonical\" href=\"https:\/\/www.keepingchildrensafe.global\/es\/blog\/2025\/01\/09\/nuestro-equipo-crece-en-brasil-conoce-a-nuestra-nueva-asesora-de-proteccion-infantil-our-team-grows-in-brazil-meet-our-new-child-safeguarding-adviser\/\" \/>\n<meta property=\"og:locale\" content=\"es_ES\" \/>\n<meta property=\"og:type\" content=\"article\" \/>\n<meta property=\"og:title\" content=\"Nuestro equipo crece en Brasil: conoce a nuestra nueva Asesora de Protecci\u00f3n Infantil - Keeping Children Safe\" \/>\n<meta property=\"og:description\" content=\"Andrea Espirito Santo es nuestra nueva Asesora de Protecci\u00f3n Infantil y liderar\u00e1 nuestra presencia en Brasil. Su adhesi\u00f3n al equipo de Keeping Children Safe es un paso clave en la expansi\u00f3n de nuestra presencia en Brasil y nuestro plan de ofrecer servicios y materiales en portugu\u00e9s, como auditor\u00edas, capacitaciones y mentor\u00edas. Andrea ha trabajado por [&hellip;]\" \/>\n<meta property=\"og:url\" content=\"https:\/\/www.keepingchildrensafe.global\/es\/blog\/2025\/01\/09\/nuestro-equipo-crece-en-brasil-conoce-a-nuestra-nueva-asesora-de-proteccion-infantil-our-team-grows-in-brazil-meet-our-new-child-safeguarding-adviser\/\" \/>\n<meta property=\"og:site_name\" content=\"Keeping Children Safe\" \/>\n<meta property=\"article:publisher\" content=\"https:\/\/www.facebook.com\/KCSkeepingchildrensafe\" \/>\n<meta property=\"article:published_time\" content=\"2025-01-09T19:22:05+00:00\" \/>\n<meta property=\"article:modified_time\" content=\"2025-01-10T10:50:40+00:00\" \/>\n<meta property=\"og:image\" content=\"https:\/\/www.keepingchildrensafe.global\/wp-content\/uploads\/2025\/01\/Andrea-KCS-2.jpeg\" \/>\n\t<meta property=\"og:image:width\" content=\"1153\" \/>\n\t<meta property=\"og:image:height\" content=\"563\" \/>\n\t<meta property=\"og:image:type\" content=\"image\/jpeg\" \/>\n<meta name=\"author\" content=\"Alana Constenla\" \/>\n<meta name=\"twitter:card\" content=\"summary_large_image\" \/>\n<meta name=\"twitter:creator\" content=\"@keepchildsafe\" \/>\n<meta name=\"twitter:site\" content=\"@keepchildsafe\" \/>\n<meta name=\"twitter:label1\" content=\"Escrito por\" \/>\n\t<meta name=\"twitter:data1\" content=\"Alana Constenla\" \/>\n\t<meta name=\"twitter:label2\" content=\"Tiempo de lectura\" \/>\n\t<meta name=\"twitter:data2\" content=\"3 minutos\" \/>\n<script type=\"application\/ld+json\" class=\"yoast-schema-graph\">{\"@context\":\"https:\\\/\\\/schema.org\",\"@graph\":[{\"@type\":\"Article\",\"@id\":\"https:\\\/\\\/www.keepingchildrensafe.global\\\/es\\\/blog\\\/2025\\\/01\\\/09\\\/nuestro-equipo-crece-en-brasil-conoce-a-nuestra-nueva-asesora-de-proteccion-infantil-our-team-grows-in-brazil-meet-our-new-child-safeguarding-adviser\\\/#article\",\"isPartOf\":{\"@id\":\"https:\\\/\\\/www.keepingchildrensafe.global\\\/es\\\/blog\\\/2025\\\/01\\\/09\\\/nuestro-equipo-crece-en-brasil-conoce-a-nuestra-nueva-asesora-de-proteccion-infantil-our-team-grows-in-brazil-meet-our-new-child-safeguarding-adviser\\\/\"},\"author\":{\"name\":\"Alana Constenla\",\"@id\":\"https:\\\/\\\/www.keepingchildrensafe.global\\\/es\\\/#\\\/schema\\\/person\\\/237c5a48380191a28a596248933902d5\"},\"headline\":\"Nuestro equipo crece en Brasil: conoce a nuestra nueva Asesora de Protecci\u00f3n Infantil\",\"datePublished\":\"2025-01-09T19:22:05+00:00\",\"dateModified\":\"2025-01-10T10:50:40+00:00\",\"mainEntityOfPage\":{\"@id\":\"https:\\\/\\\/www.keepingchildrensafe.global\\\/es\\\/blog\\\/2025\\\/01\\\/09\\\/nuestro-equipo-crece-en-brasil-conoce-a-nuestra-nueva-asesora-de-proteccion-infantil-our-team-grows-in-brazil-meet-our-new-child-safeguarding-adviser\\\/\"},\"wordCount\":532,\"publisher\":{\"@id\":\"https:\\\/\\\/www.keepingchildrensafe.global\\\/es\\\/#organization\"},\"image\":{\"@id\":\"https:\\\/\\\/www.keepingchildrensafe.global\\\/es\\\/blog\\\/2025\\\/01\\\/09\\\/nuestro-equipo-crece-en-brasil-conoce-a-nuestra-nueva-asesora-de-proteccion-infantil-our-team-grows-in-brazil-meet-our-new-child-safeguarding-adviser\\\/#primaryimage\"},\"thumbnailUrl\":\"https:\\\/\\\/www.keepingchildrensafe.global\\\/wp-content\\\/uploads\\\/2025\\\/01\\\/Andrea-KCS-2.jpeg\",\"articleSection\":[\"Noticias\"],\"inLanguage\":\"es\"},{\"@type\":\"WebPage\",\"@id\":\"https:\\\/\\\/www.keepingchildrensafe.global\\\/es\\\/blog\\\/2025\\\/01\\\/09\\\/nuestro-equipo-crece-en-brasil-conoce-a-nuestra-nueva-asesora-de-proteccion-infantil-our-team-grows-in-brazil-meet-our-new-child-safeguarding-adviser\\\/\",\"url\":\"https:\\\/\\\/www.keepingchildrensafe.global\\\/es\\\/blog\\\/2025\\\/01\\\/09\\\/nuestro-equipo-crece-en-brasil-conoce-a-nuestra-nueva-asesora-de-proteccion-infantil-our-team-grows-in-brazil-meet-our-new-child-safeguarding-adviser\\\/\",\"name\":\"Nuestro equipo crece en Brasil: conoce a nuestra nueva Asesora de Protecci\u00f3n Infantil - Keeping Children Safe\",\"isPartOf\":{\"@id\":\"https:\\\/\\\/www.keepingchildrensafe.global\\\/es\\\/#website\"},\"primaryImageOfPage\":{\"@id\":\"https:\\\/\\\/www.keepingchildrensafe.global\\\/es\\\/blog\\\/2025\\\/01\\\/09\\\/nuestro-equipo-crece-en-brasil-conoce-a-nuestra-nueva-asesora-de-proteccion-infantil-our-team-grows-in-brazil-meet-our-new-child-safeguarding-adviser\\\/#primaryimage\"},\"image\":{\"@id\":\"https:\\\/\\\/www.keepingchildrensafe.global\\\/es\\\/blog\\\/2025\\\/01\\\/09\\\/nuestro-equipo-crece-en-brasil-conoce-a-nuestra-nueva-asesora-de-proteccion-infantil-our-team-grows-in-brazil-meet-our-new-child-safeguarding-adviser\\\/#primaryimage\"},\"thumbnailUrl\":\"https:\\\/\\\/www.keepingchildrensafe.global\\\/wp-content\\\/uploads\\\/2025\\\/01\\\/Andrea-KCS-2.jpeg\",\"datePublished\":\"2025-01-09T19:22:05+00:00\",\"dateModified\":\"2025-01-10T10:50:40+00:00\",\"breadcrumb\":{\"@id\":\"https:\\\/\\\/www.keepingchildrensafe.global\\\/es\\\/blog\\\/2025\\\/01\\\/09\\\/nuestro-equipo-crece-en-brasil-conoce-a-nuestra-nueva-asesora-de-proteccion-infantil-our-team-grows-in-brazil-meet-our-new-child-safeguarding-adviser\\\/#breadcrumb\"},\"inLanguage\":\"es\",\"potentialAction\":[{\"@type\":\"ReadAction\",\"target\":[\"https:\\\/\\\/www.keepingchildrensafe.global\\\/es\\\/blog\\\/2025\\\/01\\\/09\\\/nuestro-equipo-crece-en-brasil-conoce-a-nuestra-nueva-asesora-de-proteccion-infantil-our-team-grows-in-brazil-meet-our-new-child-safeguarding-adviser\\\/\"]}]},{\"@type\":\"ImageObject\",\"inLanguage\":\"es\",\"@id\":\"https:\\\/\\\/www.keepingchildrensafe.global\\\/es\\\/blog\\\/2025\\\/01\\\/09\\\/nuestro-equipo-crece-en-brasil-conoce-a-nuestra-nueva-asesora-de-proteccion-infantil-our-team-grows-in-brazil-meet-our-new-child-safeguarding-adviser\\\/#primaryimage\",\"url\":\"https:\\\/\\\/www.keepingchildrensafe.global\\\/wp-content\\\/uploads\\\/2025\\\/01\\\/Andrea-KCS-2.jpeg\",\"contentUrl\":\"https:\\\/\\\/www.keepingchildrensafe.global\\\/wp-content\\\/uploads\\\/2025\\\/01\\\/Andrea-KCS-2.jpeg\",\"width\":1153,\"height\":563},{\"@type\":\"BreadcrumbList\",\"@id\":\"https:\\\/\\\/www.keepingchildrensafe.global\\\/es\\\/blog\\\/2025\\\/01\\\/09\\\/nuestro-equipo-crece-en-brasil-conoce-a-nuestra-nueva-asesora-de-proteccion-infantil-our-team-grows-in-brazil-meet-our-new-child-safeguarding-adviser\\\/#breadcrumb\",\"itemListElement\":[{\"@type\":\"ListItem\",\"position\":1,\"name\":\"Home\",\"item\":\"https:\\\/\\\/www.keepingchildrensafe.global\\\/es\\\/\"},{\"@type\":\"ListItem\",\"position\":2,\"name\":\"Nuestro equipo crece en Brasil: conoce a nuestra nueva Asesora de Protecci\u00f3n Infantil\"}]},{\"@type\":\"WebSite\",\"@id\":\"https:\\\/\\\/www.keepingchildrensafe.global\\\/es\\\/#website\",\"url\":\"https:\\\/\\\/www.keepingchildrensafe.global\\\/es\\\/\",\"name\":\"Keeping Children Safe\",\"description\":\"Setting tough International Child Safeguarding Standards\",\"publisher\":{\"@id\":\"https:\\\/\\\/www.keepingchildrensafe.global\\\/es\\\/#organization\"},\"potentialAction\":[{\"@type\":\"SearchAction\",\"target\":{\"@type\":\"EntryPoint\",\"urlTemplate\":\"https:\\\/\\\/www.keepingchildrensafe.global\\\/es\\\/?s={search_term_string}\"},\"query-input\":{\"@type\":\"PropertyValueSpecification\",\"valueRequired\":true,\"valueName\":\"search_term_string\"}}],\"inLanguage\":\"es\"},{\"@type\":\"Organization\",\"@id\":\"https:\\\/\\\/www.keepingchildrensafe.global\\\/es\\\/#organization\",\"name\":\"Keeping Children Safe\",\"url\":\"https:\\\/\\\/www.keepingchildrensafe.global\\\/es\\\/\",\"logo\":{\"@type\":\"ImageObject\",\"inLanguage\":\"es\",\"@id\":\"https:\\\/\\\/www.keepingchildrensafe.global\\\/es\\\/#\\\/schema\\\/logo\\\/image\\\/\",\"url\":\"https:\\\/\\\/kcs.webscapegardener.site\\\/wp-content\\\/uploads\\\/2023\\\/10\\\/kcs-header-logo.png\",\"contentUrl\":\"https:\\\/\\\/kcs.webscapegardener.site\\\/wp-content\\\/uploads\\\/2023\\\/10\\\/kcs-header-logo.png\",\"width\":204,\"height\":21,\"caption\":\"Keeping Children Safe\"},\"image\":{\"@id\":\"https:\\\/\\\/www.keepingchildrensafe.global\\\/es\\\/#\\\/schema\\\/logo\\\/image\\\/\"},\"sameAs\":[\"https:\\\/\\\/www.facebook.com\\\/KCSkeepingchildrensafe\",\"https:\\\/\\\/x.com\\\/keepchildsafe\",\"https:\\\/\\\/www.instagram.com\\\/keepingchildrensafe\\\/\",\"https:\\\/\\\/www.linkedin.com\\\/company\\\/keeping-children-safe-coalition\\\/\",\"https:\\\/\\\/vimeo.com\\\/keepingchildrensafe\"]},{\"@type\":\"Person\",\"@id\":\"https:\\\/\\\/www.keepingchildrensafe.global\\\/es\\\/#\\\/schema\\\/person\\\/237c5a48380191a28a596248933902d5\",\"name\":\"Alana Constenla\",\"image\":{\"@type\":\"ImageObject\",\"inLanguage\":\"es\",\"@id\":\"https:\\\/\\\/secure.gravatar.com\\\/avatar\\\/a100d43882ce74dc8db9066791697111b1c01bd5202fb0236f422841fd036614?s=96&d=blank&r=g\",\"url\":\"https:\\\/\\\/secure.gravatar.com\\\/avatar\\\/a100d43882ce74dc8db9066791697111b1c01bd5202fb0236f422841fd036614?s=96&d=blank&r=g\",\"contentUrl\":\"https:\\\/\\\/secure.gravatar.com\\\/avatar\\\/a100d43882ce74dc8db9066791697111b1c01bd5202fb0236f422841fd036614?s=96&d=blank&r=g\",\"caption\":\"Alana Constenla\"}}]}<\/script>\n<!-- \/ Yoast SEO plugin. -->","yoast_head_json":{"title":"Nuestro equipo crece en Brasil: conoce a nuestra nueva Asesora de Protecci\u00f3n Infantil - Keeping Children Safe","robots":{"index":"index","follow":"follow","max-snippet":"max-snippet:-1","max-image-preview":"max-image-preview:large","max-video-preview":"max-video-preview:-1"},"canonical":"https:\/\/www.keepingchildrensafe.global\/es\/blog\/2025\/01\/09\/nuestro-equipo-crece-en-brasil-conoce-a-nuestra-nueva-asesora-de-proteccion-infantil-our-team-grows-in-brazil-meet-our-new-child-safeguarding-adviser\/","og_locale":"es_ES","og_type":"article","og_title":"Nuestro equipo crece en Brasil: conoce a nuestra nueva Asesora de Protecci\u00f3n Infantil - Keeping Children Safe","og_description":"Andrea Espirito Santo es nuestra nueva Asesora de Protecci\u00f3n Infantil y liderar\u00e1 nuestra presencia en Brasil. Su adhesi\u00f3n al equipo de Keeping Children Safe es un paso clave en la expansi\u00f3n de nuestra presencia en Brasil y nuestro plan de ofrecer servicios y materiales en portugu\u00e9s, como auditor\u00edas, capacitaciones y mentor\u00edas. Andrea ha trabajado por [&hellip;]","og_url":"https:\/\/www.keepingchildrensafe.global\/es\/blog\/2025\/01\/09\/nuestro-equipo-crece-en-brasil-conoce-a-nuestra-nueva-asesora-de-proteccion-infantil-our-team-grows-in-brazil-meet-our-new-child-safeguarding-adviser\/","og_site_name":"Keeping Children Safe","article_publisher":"https:\/\/www.facebook.com\/KCSkeepingchildrensafe","article_published_time":"2025-01-09T19:22:05+00:00","article_modified_time":"2025-01-10T10:50:40+00:00","og_image":[{"width":1153,"height":563,"url":"https:\/\/www.keepingchildrensafe.global\/wp-content\/uploads\/2025\/01\/Andrea-KCS-2.jpeg","type":"image\/jpeg"}],"author":"Alana Constenla","twitter_card":"summary_large_image","twitter_creator":"@keepchildsafe","twitter_site":"@keepchildsafe","twitter_misc":{"Escrito por":"Alana Constenla","Tiempo de lectura":"3 minutos"},"schema":{"@context":"https:\/\/schema.org","@graph":[{"@type":"Article","@id":"https:\/\/www.keepingchildrensafe.global\/es\/blog\/2025\/01\/09\/nuestro-equipo-crece-en-brasil-conoce-a-nuestra-nueva-asesora-de-proteccion-infantil-our-team-grows-in-brazil-meet-our-new-child-safeguarding-adviser\/#article","isPartOf":{"@id":"https:\/\/www.keepingchildrensafe.global\/es\/blog\/2025\/01\/09\/nuestro-equipo-crece-en-brasil-conoce-a-nuestra-nueva-asesora-de-proteccion-infantil-our-team-grows-in-brazil-meet-our-new-child-safeguarding-adviser\/"},"author":{"name":"Alana Constenla","@id":"https:\/\/www.keepingchildrensafe.global\/es\/#\/schema\/person\/237c5a48380191a28a596248933902d5"},"headline":"Nuestro equipo crece en Brasil: conoce a nuestra nueva Asesora de Protecci\u00f3n Infantil","datePublished":"2025-01-09T19:22:05+00:00","dateModified":"2025-01-10T10:50:40+00:00","mainEntityOfPage":{"@id":"https:\/\/www.keepingchildrensafe.global\/es\/blog\/2025\/01\/09\/nuestro-equipo-crece-en-brasil-conoce-a-nuestra-nueva-asesora-de-proteccion-infantil-our-team-grows-in-brazil-meet-our-new-child-safeguarding-adviser\/"},"wordCount":532,"publisher":{"@id":"https:\/\/www.keepingchildrensafe.global\/es\/#organization"},"image":{"@id":"https:\/\/www.keepingchildrensafe.global\/es\/blog\/2025\/01\/09\/nuestro-equipo-crece-en-brasil-conoce-a-nuestra-nueva-asesora-de-proteccion-infantil-our-team-grows-in-brazil-meet-our-new-child-safeguarding-adviser\/#primaryimage"},"thumbnailUrl":"https:\/\/www.keepingchildrensafe.global\/wp-content\/uploads\/2025\/01\/Andrea-KCS-2.jpeg","articleSection":["Noticias"],"inLanguage":"es"},{"@type":"WebPage","@id":"https:\/\/www.keepingchildrensafe.global\/es\/blog\/2025\/01\/09\/nuestro-equipo-crece-en-brasil-conoce-a-nuestra-nueva-asesora-de-proteccion-infantil-our-team-grows-in-brazil-meet-our-new-child-safeguarding-adviser\/","url":"https:\/\/www.keepingchildrensafe.global\/es\/blog\/2025\/01\/09\/nuestro-equipo-crece-en-brasil-conoce-a-nuestra-nueva-asesora-de-proteccion-infantil-our-team-grows-in-brazil-meet-our-new-child-safeguarding-adviser\/","name":"Nuestro equipo crece en Brasil: conoce a nuestra nueva Asesora de Protecci\u00f3n Infantil - Keeping Children Safe","isPartOf":{"@id":"https:\/\/www.keepingchildrensafe.global\/es\/#website"},"primaryImageOfPage":{"@id":"https:\/\/www.keepingchildrensafe.global\/es\/blog\/2025\/01\/09\/nuestro-equipo-crece-en-brasil-conoce-a-nuestra-nueva-asesora-de-proteccion-infantil-our-team-grows-in-brazil-meet-our-new-child-safeguarding-adviser\/#primaryimage"},"image":{"@id":"https:\/\/www.keepingchildrensafe.global\/es\/blog\/2025\/01\/09\/nuestro-equipo-crece-en-brasil-conoce-a-nuestra-nueva-asesora-de-proteccion-infantil-our-team-grows-in-brazil-meet-our-new-child-safeguarding-adviser\/#primaryimage"},"thumbnailUrl":"https:\/\/www.keepingchildrensafe.global\/wp-content\/uploads\/2025\/01\/Andrea-KCS-2.jpeg","datePublished":"2025-01-09T19:22:05+00:00","dateModified":"2025-01-10T10:50:40+00:00","breadcrumb":{"@id":"https:\/\/www.keepingchildrensafe.global\/es\/blog\/2025\/01\/09\/nuestro-equipo-crece-en-brasil-conoce-a-nuestra-nueva-asesora-de-proteccion-infantil-our-team-grows-in-brazil-meet-our-new-child-safeguarding-adviser\/#breadcrumb"},"inLanguage":"es","potentialAction":[{"@type":"ReadAction","target":["https:\/\/www.keepingchildrensafe.global\/es\/blog\/2025\/01\/09\/nuestro-equipo-crece-en-brasil-conoce-a-nuestra-nueva-asesora-de-proteccion-infantil-our-team-grows-in-brazil-meet-our-new-child-safeguarding-adviser\/"]}]},{"@type":"ImageObject","inLanguage":"es","@id":"https:\/\/www.keepingchildrensafe.global\/es\/blog\/2025\/01\/09\/nuestro-equipo-crece-en-brasil-conoce-a-nuestra-nueva-asesora-de-proteccion-infantil-our-team-grows-in-brazil-meet-our-new-child-safeguarding-adviser\/#primaryimage","url":"https:\/\/www.keepingchildrensafe.global\/wp-content\/uploads\/2025\/01\/Andrea-KCS-2.jpeg","contentUrl":"https:\/\/www.keepingchildrensafe.global\/wp-content\/uploads\/2025\/01\/Andrea-KCS-2.jpeg","width":1153,"height":563},{"@type":"BreadcrumbList","@id":"https:\/\/www.keepingchildrensafe.global\/es\/blog\/2025\/01\/09\/nuestro-equipo-crece-en-brasil-conoce-a-nuestra-nueva-asesora-de-proteccion-infantil-our-team-grows-in-brazil-meet-our-new-child-safeguarding-adviser\/#breadcrumb","itemListElement":[{"@type":"ListItem","position":1,"name":"Home","item":"https:\/\/www.keepingchildrensafe.global\/es\/"},{"@type":"ListItem","position":2,"name":"Nuestro equipo crece en Brasil: conoce a nuestra nueva Asesora de Protecci\u00f3n Infantil"}]},{"@type":"WebSite","@id":"https:\/\/www.keepingchildrensafe.global\/es\/#website","url":"https:\/\/www.keepingchildrensafe.global\/es\/","name":"Keeping Children Safe","description":"Setting tough International Child Safeguarding Standards","publisher":{"@id":"https:\/\/www.keepingchildrensafe.global\/es\/#organization"},"potentialAction":[{"@type":"SearchAction","target":{"@type":"EntryPoint","urlTemplate":"https:\/\/www.keepingchildrensafe.global\/es\/?s={search_term_string}"},"query-input":{"@type":"PropertyValueSpecification","valueRequired":true,"valueName":"search_term_string"}}],"inLanguage":"es"},{"@type":"Organization","@id":"https:\/\/www.keepingchildrensafe.global\/es\/#organization","name":"Keeping Children Safe","url":"https:\/\/www.keepingchildrensafe.global\/es\/","logo":{"@type":"ImageObject","inLanguage":"es","@id":"https:\/\/www.keepingchildrensafe.global\/es\/#\/schema\/logo\/image\/","url":"https:\/\/kcs.webscapegardener.site\/wp-content\/uploads\/2023\/10\/kcs-header-logo.png","contentUrl":"https:\/\/kcs.webscapegardener.site\/wp-content\/uploads\/2023\/10\/kcs-header-logo.png","width":204,"height":21,"caption":"Keeping Children Safe"},"image":{"@id":"https:\/\/www.keepingchildrensafe.global\/es\/#\/schema\/logo\/image\/"},"sameAs":["https:\/\/www.facebook.com\/KCSkeepingchildrensafe","https:\/\/x.com\/keepchildsafe","https:\/\/www.instagram.com\/keepingchildrensafe\/","https:\/\/www.linkedin.com\/company\/keeping-children-safe-coalition\/","https:\/\/vimeo.com\/keepingchildrensafe"]},{"@type":"Person","@id":"https:\/\/www.keepingchildrensafe.global\/es\/#\/schema\/person\/237c5a48380191a28a596248933902d5","name":"Alana Constenla","image":{"@type":"ImageObject","inLanguage":"es","@id":"https:\/\/secure.gravatar.com\/avatar\/a100d43882ce74dc8db9066791697111b1c01bd5202fb0236f422841fd036614?s=96&d=blank&r=g","url":"https:\/\/secure.gravatar.com\/avatar\/a100d43882ce74dc8db9066791697111b1c01bd5202fb0236f422841fd036614?s=96&d=blank&r=g","contentUrl":"https:\/\/secure.gravatar.com\/avatar\/a100d43882ce74dc8db9066791697111b1c01bd5202fb0236f422841fd036614?s=96&d=blank&r=g","caption":"Alana Constenla"}}]}},"_links":{"self":[{"href":"https:\/\/www.keepingchildrensafe.global\/es\/wp-json\/wp\/v2\/posts\/30247","targetHints":{"allow":["GET"]}}],"collection":[{"href":"https:\/\/www.keepingchildrensafe.global\/es\/wp-json\/wp\/v2\/posts"}],"about":[{"href":"https:\/\/www.keepingchildrensafe.global\/es\/wp-json\/wp\/v2\/types\/post"}],"author":[{"embeddable":true,"href":"https:\/\/www.keepingchildrensafe.global\/es\/wp-json\/wp\/v2\/users\/14"}],"replies":[{"embeddable":true,"href":"https:\/\/www.keepingchildrensafe.global\/es\/wp-json\/wp\/v2\/comments?post=30247"}],"version-history":[{"count":4,"href":"https:\/\/www.keepingchildrensafe.global\/es\/wp-json\/wp\/v2\/posts\/30247\/revisions"}],"predecessor-version":[{"id":30252,"href":"https:\/\/www.keepingchildrensafe.global\/es\/wp-json\/wp\/v2\/posts\/30247\/revisions\/30252"}],"wp:featuredmedia":[{"embeddable":true,"href":"https:\/\/www.keepingchildrensafe.global\/es\/wp-json\/wp\/v2\/media\/30227"}],"wp:attachment":[{"href":"https:\/\/www.keepingchildrensafe.global\/es\/wp-json\/wp\/v2\/media?parent=30247"}],"wp:term":[{"taxonomy":"category","embeddable":true,"href":"https:\/\/www.keepingchildrensafe.global\/es\/wp-json\/wp\/v2\/categories?post=30247"},{"taxonomy":"post_tag","embeddable":true,"href":"https:\/\/www.keepingchildrensafe.global\/es\/wp-json\/wp\/v2\/tags?post=30247"}],"curies":[{"name":"wp","href":"https:\/\/api.w.org\/{rel}","templated":true}]}}